{"id":49720,"date":"2023-02-25T05:39:25","date_gmt":"2023-02-25T05:39:25","guid":{"rendered":"http:\/\/elterritorialweb.com.ar\/web\/?p=49720"},"modified":"2023-02-25T05:39:29","modified_gmt":"2023-02-25T05:39:29","slug":"la-banda-rendira-homenaje-al-general-san-martin-en-el-dia-de-su-natalicio","status":"publish","type":"post","link":"https:\/\/elterritorialweb.com.ar\/web\/la-banda-rendira-homenaje-al-general-san-martin-en-el-dia-de-su-natalicio\/","title":{"rendered":"LA BANDA RENDIR\u00c1 HOMENAJE AL GENERAL SAN MART\u00cdN EN EL D\u00cdA DE SU NATALICIO"},"content":{"rendered":"\n<p>La actividad es organizada en conjunto con la Asociaci\u00f3n Cultural Sanmartiniana de la ciudad de La Banda y contar\u00e1 con la presencia de autoridades municipales y representantes de diferentes instituciones intermedias.<br>Cabe destacar, que el general Jos\u00e9 de San Mart\u00edn naci\u00f3 el 25 de febrero de 1778, siendo una de las personalidades de la historia argentina que logr\u00f3 el reconocimiento indiscutido de todos los argentinos y argentinas. Fue una figura clave para la concreci\u00f3n y la consolidaci\u00f3n de nuestra independencia pol\u00edtica. Adem\u00e1s, contribuy\u00f3 de manera decisiva en los procesos independentistas de Chile y del Per\u00fa; por lo tanto, fue un hombre indispensable para la emancipaci\u00f3n de los pueblos sudamericanos.<\/p>\n","protected":false},"excerpt":{"rendered":"<p>La Subsecretar\u00eda de Educaci\u00f3n y Cultura de la Municipalidad de La Banda inform\u00f3 que el s\u00e1bado 25 a partir de las 20 se realizar\u00e1 un acto conmemorativo y una posterior presentaci\u00f3n de m\u00fasica en vivo en la intersecci\u00f3n de avenida San Mart\u00edn y Espa\u00f1a.<\/p>\n","protected":false},"author":2,"featured_media":49721,"comment_status":"open","ping_status":"open","sticky":false,"template":"","format":"standard","meta":{"om_disable_all_campaigns":false,"_monsterinsights_skip_tracking":false,"_monsterinsights_sitenote_active":false,"_monsterinsights_sitenote_note":"","_monsterinsights_sitenote_category":0,"_uf_show_specific_survey":0,"_uf_disable_surveys":false,"jetpack_post_was_ever_published":false,"_jetpack_newsletter_access":"","_jetpack_dont_email_post_to_subs":false,"_jetpack_newsletter_tier_id":0,"_jetpack_memberships_contains_paywalled_content":false,"_jetpack_memberships_contains_paid_content":false,"footnotes":"","jetpack_publicize_message":"","jetpack_publicize_feature_enabled":true,"jetpack_social_post_already_shared":true,"jetpack_social_options":{"image_generator_settings":{"template":"highway","default_image_id":0,"font":"","enabled":false},"version":2}},"categories":[9],"tags":[],"class_list":["post-49720","post","type-post","status-publish","format-standard","has-post-thumbnail","hentry","category-banda"],"aioseo_notices":[],"views":5,"jetpack_publicize_connections":[],"jetpack_featured_media_url":"https:\/\/i0.wp.com\/elterritorialweb.com.ar\/web\/wp-content\/uploads\/2023\/02\/WhatsApp-Image-2023-02-24-at-16.43.03.jpeg?fit=1500%2C850&ssl=1","jetpack_sharing_enabled":true,"_links":{"self":[{"href":"https:\/\/elterritorialweb.com.ar\/web\/wp-json\/wp\/v2\/posts\/49720","targetHints":{"allow":["GET"]}}],"collection":[{"href":"https:\/\/elterritorialweb.com.ar\/web\/wp-json\/wp\/v2\/posts"}],"about":[{"href":"https:\/\/elterritorialweb.com.ar\/web\/wp-json\/wp\/v2\/types\/post"}],"author":[{"embeddable":true,"href":"https:\/\/elterritorialweb.com.ar\/web\/wp-json\/wp\/v2\/users\/2"}],"replies":[{"embeddable":true,"href":"https:\/\/elterritorialweb.com.ar\/web\/wp-json\/wp\/v2\/comments?post=49720"}],"version-history":[{"count":1,"href":"https:\/\/elterritorialweb.com.ar\/web\/wp-json\/wp\/v2\/posts\/49720\/revisions"}],"predecessor-version":[{"id":49722,"href":"https:\/\/elterritorialweb.com.ar\/web\/wp-json\/wp\/v2\/posts\/49720\/revisions\/49722"}],"wp:featuredmedia":[{"embeddable":true,"href":"https:\/\/elterritorialweb.com.ar\/web\/wp-json\/wp\/v2\/media\/49721"}],"wp:attachment":[{"href":"https:\/\/elterritorialweb.com.ar\/web\/wp-json\/wp\/v2\/media?parent=49720"}],"wp:term":[{"taxonomy":"category","embeddable":true,"href":"https:\/\/elterritorialweb.com.ar\/web\/wp-json\/wp\/v2\/categories?post=49720"},{"taxonomy":"post_tag","embeddable":true,"href":"https:\/\/elterritorialweb.com.ar\/web\/wp-json\/wp\/v2\/tags?post=49720"}],"curies":[{"name":"wp","href":"https:\/\/api.w.org\/{rel}","templated":true}]}}