{"id":49723,"date":"2023-02-25T05:58:22","date_gmt":"2023-02-25T05:58:22","guid":{"rendered":"http:\/\/elterritorialweb.com.ar\/web\/?p=49723"},"modified":"2023-02-25T05:58:24","modified_gmt":"2023-02-25T05:58:24","slug":"massa-cerro-acuerdos-bilaterales-con-italia-francia-alemania-y-brasil","status":"publish","type":"post","link":"https:\/\/elterritorialweb.com.ar\/web\/massa-cerro-acuerdos-bilaterales-con-italia-francia-alemania-y-brasil\/","title":{"rendered":"MASSA CERR\u00d3 ACUERDOS BILATERALES CON ITALIA, FRANCIA, ALEMANIA Y BRASIL"},"content":{"rendered":"\n<p>Durante su segundo d\u00eda de actividades en la Cumbre del G20 que se desarrolla en la India, Massa se reuni\u00f3 con el ministro de Econom\u00eda de Italia, Giancarlo Giorgetti, con quien dialog\u00f3 sobre la complementariedad para el desarrollo de proyectos energ\u00e9ticos y las inversiones en conjunto que se pueden realizar en el pa\u00eds. Adem\u00e1s, el Ministro y Giorgetti coincidieron en las potencialidades de Vaca Muerta.<\/p>\n\n\n\n<p>M\u00e1s tarde, el titular del Palacio de Hacienda se reuni\u00f3 con el Ministro Federal de Finanzas de Alemania, Christian Lindner, con quien dialog\u00f3 sobre la posibilidad, tras el acuerdo con el Club de Par\u00eds, de potenciar las inversiones y el financiamiento de proyectos productivos y estrat\u00e9gicos en Argentina.<\/p>\n\n\n\n<p>En la misma l\u00ednea, Massa mantuvo una reuni\u00f3n bilateral con el Ministro de Econom\u00eda, Finanzas y Soberan\u00eda Industrial y Digital de Francia, Bruno Le Maire, en el que se remarc\u00f3 la potencialidad de la Agencia Francesa de Desarrollo para impulsar la inversi\u00f3n de empresas francesas en la Argentina.<\/p>\n\n\n\n<figure class=\"wp-block-image size-large\"><a href=\"https:\/\/i0.wp.com\/elterritorialweb.com.ar\/web\/wp-content\/uploads\/2023\/02\/massa-acuerdos-1.jpeg\"><img data-recalc-dims=\"1\" decoding=\"async\" width=\"640\" height=\"426\" data-src=\"https:\/\/i0.wp.com\/elterritorialweb.com.ar\/web\/wp-content\/uploads\/2023\/02\/massa-acuerdos-1.jpeg?resize=640%2C426\" alt=\"\" class=\"wp-image-49725 lazyload\" data-srcset=\"https:\/\/i0.wp.com\/elterritorialweb.com.ar\/web\/wp-content\/uploads\/2023\/02\/massa-acuerdos-1.jpeg?resize=1024%2C682&amp;ssl=1 1024w, https:\/\/i0.wp.com\/elterritorialweb.com.ar\/web\/wp-content\/uploads\/2023\/02\/massa-acuerdos-1.jpeg?resize=300%2C200&amp;ssl=1 300w, https:\/\/i0.wp.com\/elterritorialweb.com.ar\/web\/wp-content\/uploads\/2023\/02\/massa-acuerdos-1.jpeg?resize=768%2C512&amp;ssl=1 768w, https:\/\/i0.wp.com\/elterritorialweb.com.ar\/web\/wp-content\/uploads\/2023\/02\/massa-acuerdos-1.jpeg?resize=1536%2C1023&amp;ssl=1 1536w, https:\/\/i0.wp.com\/elterritorialweb.com.ar\/web\/wp-content\/uploads\/2023\/02\/massa-acuerdos-1.jpeg?w=1600&amp;ssl=1 1600w, https:\/\/i0.wp.com\/elterritorialweb.com.ar\/web\/wp-content\/uploads\/2023\/02\/massa-acuerdos-1.jpeg?w=1280 1280w\" data-sizes=\"(max-width: 640px) 100vw, 640px\" src=\"data:image\/svg+xml;base64,PHN2ZyB3aWR0aD0iMSIgaGVpZ2h0PSIxIiB4bWxucz0iaHR0cDovL3d3dy53My5vcmcvMjAwMC9zdmciPjwvc3ZnPg==\" style=\"--smush-placeholder-width: 640px; --smush-placeholder-aspect-ratio: 640\/426;\" \/><\/a><\/figure>\n\n\n\n<p>Asimismo, el Ministro se reuni\u00f3 con su par de Hacienda de Brasil, Fernando Haddad, con quien se analiz\u00f3 la problem\u00e1tica mundial y las posiciones de la regi\u00f3n sobre las distintas tem\u00e1ticas de la reuni\u00f3n del G20. Adem\u00e1s, Massa y el Ministro de Brasil trabajaron para seguir fortaleciendo la integraci\u00f3n entre ambos pa\u00edses y el desarrollo conjunto de proyectos estrat\u00e9gicos, en particular en el sector energ\u00e9tico. En esta l\u00ednea, los Ministros coincidieron en el potencial de Vaca Muerta y en que las necesidades de los pa\u00edses brindan una complementariedad que deben explotar Argentina y Brasil.<\/p>\n\n\n\n<p>La agenda de Massa en la India continuar\u00e1 con encuentros con las delegaciones de Arabia Saudita y Canad\u00e1, entre otras reuniones.<\/p>\n","protected":false},"excerpt":{"rendered":"<p>El ministro de Econom\u00eda, Sergio Massa, mantuvo este viernes encuentros bilaterales con sus pares de Italia, Francia, Alemania y Brasil con quienes analiz\u00f3 el contexto econ\u00f3mico mundial y en particular el programa de ordenamiento macroecon\u00f3mico, el cumplimiento del acuerdo con el FMI y el impacto que tendr\u00e1 la sequ\u00eda en la econom\u00eda del pa\u00eds. A su vez, se destac\u00f3 la potencialidad de las inversiones en sectores estrat\u00e9gicos.<\/p>\n","protected":false},"author":2,"featured_media":49724,"comment_status":"open","ping_status":"open","sticky":false,"template":"","format":"standard","meta":{"om_disable_all_campaigns":false,"_monsterinsights_skip_tracking":false,"_monsterinsights_sitenote_active":false,"_monsterinsights_sitenote_note":"","_monsterinsights_sitenote_category":0,"_uf_show_specific_survey":0,"_uf_disable_surveys":false,"jetpack_post_was_ever_published":false,"_jetpack_newsletter_access":"","_jetpack_dont_email_post_to_subs":false,"_jetpack_newsletter_tier_id":0,"_jetpack_memberships_contains_paywalled_content":false,"_jetpack_memberships_contains_paid_content":false,"footnotes":"","jetpack_publicize_message":"","jetpack_publicize_feature_enabled":true,"jetpack_social_post_already_shared":true,"jetpack_social_options":{"image_generator_settings":{"template":"highway","default_image_id":0,"font":"","enabled":false},"version":2}},"categories":[4,2],"tags":[],"class_list":["post-49723","post","type-post","status-publish","format-standard","has-post-thumbnail","hentry","category-destacadas","category-economia"],"aioseo_notices":[],"views":12,"jetpack_publicize_connections":[],"jetpack_featured_media_url":"https:\/\/i0.wp.com\/elterritorialweb.com.ar\/web\/wp-content\/uploads\/2023\/02\/massa-acuerdos.jpeg?fit=1600%2C1066&ssl=1","jetpack_sharing_enabled":true,"_links":{"self":[{"href":"https:\/\/elterritorialweb.com.ar\/web\/wp-json\/wp\/v2\/posts\/49723","targetHints":{"allow":["GET"]}}],"collection":[{"href":"https:\/\/elterritorialweb.com.ar\/web\/wp-json\/wp\/v2\/posts"}],"about":[{"href":"https:\/\/elterritorialweb.com.ar\/web\/wp-json\/wp\/v2\/types\/post"}],"author":[{"embeddable":true,"href":"https:\/\/elterritorialweb.com.ar\/web\/wp-json\/wp\/v2\/users\/2"}],"replies":[{"embeddable":true,"href":"https:\/\/elterritorialweb.com.ar\/web\/wp-json\/wp\/v2\/comments?post=49723"}],"version-history":[{"count":1,"href":"https:\/\/elterritorialweb.com.ar\/web\/wp-json\/wp\/v2\/posts\/49723\/revisions"}],"predecessor-version":[{"id":49726,"href":"https:\/\/elterritorialweb.com.ar\/web\/wp-json\/wp\/v2\/posts\/49723\/revisions\/49726"}],"wp:featuredmedia":[{"embeddable":true,"href":"https:\/\/elterritorialweb.com.ar\/web\/wp-json\/wp\/v2\/media\/49724"}],"wp:attachment":[{"href":"https:\/\/elterritorialweb.com.ar\/web\/wp-json\/wp\/v2\/media?parent=49723"}],"wp:term":[{"taxonomy":"category","embeddable":true,"href":"https:\/\/elterritorialweb.com.ar\/web\/wp-json\/wp\/v2\/categories?post=49723"},{"taxonomy":"post_tag","embeddable":true,"href":"https:\/\/elterritorialweb.com.ar\/web\/wp-json\/wp\/v2\/tags?post=49723"}],"curies":[{"name":"wp","href":"https:\/\/api.w.org\/{rel}","templated":true}]}}