{"id":49778,"date":"2023-02-26T03:16:35","date_gmt":"2023-02-26T03:16:35","guid":{"rendered":"http:\/\/elterritorialweb.com.ar\/web\/?p=49778"},"modified":"2023-02-26T03:16:38","modified_gmt":"2023-02-26T03:16:38","slug":"gran-cierre-de-una-nueva-edicion-del-corso-2023","status":"publish","type":"post","link":"https:\/\/elterritorialweb.com.ar\/web\/gran-cierre-de-una-nueva-edicion-del-corso-2023\/","title":{"rendered":"GRAN CIERRE DE UNA NUEVA EDICI\u00d3N DEL CORSO 2023"},"content":{"rendered":"\n<p>El Corso Santiago Ciudad 2023, organizado por la Municipalidad de la Capital, tuvo un cierre con la participaci\u00f3n de miles de personas que cubrieron todo el trayecto del cors\u00f3dromo para seguir el colorido espect\u00e1culo que dieron las comparsas, murgas y carrozas.<\/p>\n\n\n\n<p>La masiva concurrencia de vecinos y turistas de Buenos Aires, Catamarca, Salta, C\u00f3rdoba, Tucum\u00e1n, entre otros, fue protagonista del entusiasmo que trasmitieron los m\u00e1s de 1500 bailarines que recorrieron&nbsp; 900 metros de la Avenida Luis Lescano, desde Plaza A\u00f1oranzas hasta el cart\u00f3dromo.<\/p>\n\n\n\n<p>En el cierre, la Intendente Ing. Norma Fuentes, destac\u00f3 que se trat\u00f3 de una \u00a8fiesta que representa nuestras tradiciones, nuestra cultura\u00a8 y recalc\u00f3 que \u00a8no debemos perder nuestra identidad y \u00e9sta fiesta es evidencia de eso\u00a8.<\/p>\n\n\n\n<p>Asimismo, la jefa comunal puso de relieve el \u00a8enorme trabajo\u00a8 de la Asociaci\u00f3n Amigos del Corso, del equipo de las distintas \u00e1reas de la Municipalidad, del Gobierno de la Provincia y todos los organismos, como la polic\u00eda, que acompa\u00f1aron \u00a8\u00e9sta verdadera fiesta\u00a8.<\/p>\n\n\n\n<p>La Ing. Fuentes sostuvo que la primera noche cont\u00f3 con una multitudinaria asistencia de p\u00fablico y que la segunda alcanz\u00f3 tambi\u00e9n un registro similar y al respecto dijo que \u00a8eso habla de la posibilidad de realizar un evento de \u00e9stas magnitudes sin ning\u00fan problema\u00a8.<\/p>\n\n\n\n<p>Por su parte, Nelson Bravo, Subsecretario de Turismo de la Provincia, destac\u00f3 el importante despliegue de la Municipalidad, y recalc\u00f3 que: \u00a8hace unos d\u00edas cerraba Santiago es tu R\u00edo y ahora \u00e9ste corso con m\u00e1s de 25 mil personas, con todo lo que implica, no solo \u00e9ste d\u00eda del evento sino todos los preparativos, el trabajo que tienen hacer en los barrios, las familias, es maravilloso\u00a8.<\/p>\n","protected":false},"excerpt":{"rendered":"<p>Durante dos noches se vivi\u00f3 una verdadera fiesta popular en la cual, las agrupaciones le pusieron brillo al carnaval en \u00e9sta nueva edici\u00f3n.<\/p>\n","protected":false},"author":2,"featured_media":49779,"comment_status":"open","ping_status":"open","sticky":false,"template":"","format":"standard","meta":{"om_disable_all_campaigns":false,"_monsterinsights_skip_tracking":false,"_monsterinsights_sitenote_active":false,"_monsterinsights_sitenote_note":"","_monsterinsights_sitenote_category":0,"_uf_show_specific_survey":0,"_uf_disable_surveys":false,"jetpack_post_was_ever_published":false,"_jetpack_newsletter_access":"","_jetpack_dont_email_post_to_subs":false,"_jetpack_newsletter_tier_id":0,"_jetpack_memberships_contains_paywalled_content":false,"_jetpack_memberships_contains_paid_content":false,"footnotes":"","jetpack_publicize_message":"","jetpack_publicize_feature_enabled":true,"jetpack_social_post_already_shared":true,"jetpack_social_options":{"image_generator_settings":{"template":"highway","default_image_id":0,"font":"","enabled":false},"version":2}},"categories":[21],"tags":[],"class_list":["post-49778","post","type-post","status-publish","format-standard","has-post-thumbnail","hentry","category-locales"],"aioseo_notices":[],"views":23,"jetpack_publicize_connections":[],"jetpack_featured_media_url":"https:\/\/i0.wp.com\/elterritorialweb.com.ar\/web\/wp-content\/uploads\/2023\/02\/cierre-corsos-2023.jpeg?fit=1066%2C577&ssl=1","jetpack_sharing_enabled":true,"_links":{"self":[{"href":"https:\/\/elterritorialweb.com.ar\/web\/wp-json\/wp\/v2\/posts\/49778","targetHints":{"allow":["GET"]}}],"collection":[{"href":"https:\/\/elterritorialweb.com.ar\/web\/wp-json\/wp\/v2\/posts"}],"about":[{"href":"https:\/\/elterritorialweb.com.ar\/web\/wp-json\/wp\/v2\/types\/post"}],"author":[{"embeddable":true,"href":"https:\/\/elterritorialweb.com.ar\/web\/wp-json\/wp\/v2\/users\/2"}],"replies":[{"embeddable":true,"href":"https:\/\/elterritorialweb.com.ar\/web\/wp-json\/wp\/v2\/comments?post=49778"}],"version-history":[{"count":1,"href":"https:\/\/elterritorialweb.com.ar\/web\/wp-json\/wp\/v2\/posts\/49778\/revisions"}],"predecessor-version":[{"id":49780,"href":"https:\/\/elterritorialweb.com.ar\/web\/wp-json\/wp\/v2\/posts\/49778\/revisions\/49780"}],"wp:featuredmedia":[{"embeddable":true,"href":"https:\/\/elterritorialweb.com.ar\/web\/wp-json\/wp\/v2\/media\/49779"}],"wp:attachment":[{"href":"https:\/\/elterritorialweb.com.ar\/web\/wp-json\/wp\/v2\/media?parent=49778"}],"wp:term":[{"taxonomy":"category","embeddable":true,"href":"https:\/\/elterritorialweb.com.ar\/web\/wp-json\/wp\/v2\/categories?post=49778"},{"taxonomy":"post_tag","embeddable":true,"href":"https:\/\/elterritorialweb.com.ar\/web\/wp-json\/wp\/v2\/tags?post=49778"}],"curies":[{"name":"wp","href":"https:\/\/api.w.org\/{rel}","templated":true}]}}