{"id":49796,"date":"2023-02-26T20:04:43","date_gmt":"2023-02-26T20:04:43","guid":{"rendered":"http:\/\/elterritorialweb.com.ar\/web\/?p=49796"},"modified":"2023-02-26T20:04:46","modified_gmt":"2023-02-26T20:04:46","slug":"el-municipio-realizara-mejoras-y-ampliaciones-de-nichos-en-el-cementerio-la-misericordia","status":"publish","type":"post","link":"https:\/\/elterritorialweb.com.ar\/web\/el-municipio-realizara-mejoras-y-ampliaciones-de-nichos-en-el-cementerio-la-misericordia\/","title":{"rendered":"EL MUNICIPIO REALIZAR\u00c1 MEJORAS Y AMPLIACIONES DE NICHOS EN EL CEMENTERIO LA MISERICORDIA"},"content":{"rendered":"\n<p>En la oportunidad, el intendente Roger Nediani inform\u00f3: \u00abAutoridades de los gremios de SUOEM me invitaron para visitar el pante\u00f3n que tienen en el Cementerio La Misericordia antes de comenzar a trabajar en la refacci\u00f3n de los nichos. En este sentido, les manifest\u00e9 que cuentan con el apoyo del municipio para comenzar a trabajar y tambi\u00e9n aprovech\u00e9 la oportunidad para visitar a las autoridades y compa\u00f1eros de trabajo de nuestro cementerio que hace muchos a\u00f1os venimos trabajando juntos y escuchar las necesidades que requiere el cementerio, por ejemplo, mejoramiento y ampliaci\u00f3n de nichos\u00bb.<br>Agreg\u00f3: \u00abLas mejoras se realizar\u00e1n en la parte edilicia con la renovaci\u00f3n y ampliaci\u00f3n de nichos, la propuesta de ellos hoy es refaccionar lo que est\u00e1 hecho e incrementar el n\u00famero de nichos con 100 nuevos. Esto ser\u00e1 un importante beneficio para los socios del gremio que contar\u00e1n adem\u00e1s con el apoyo del Departamento Ejecutivo Municipal\u00bb.<br>Por su parte, el secretario General de SUOEM de La Banda, Lu\u00eds Rodr\u00edguez, expres\u00f3: \u00abPrincipalmente queremos agradecer al se\u00f1or intendente por el apoyo que nos est\u00e1 brindando constantemente al sindicato m\u00e1s all\u00e1 de todas las adversidades que estamos pasando, pero el ingeniero Nediani siempre ha estado a la par de nosotros para escuchar nuestras inquietudes y d\u00e1ndonos soluciones de parte del Ejecutivo Municipal\u201d.<br>\u201cLas refacciones que solicitamos consistir\u00e1n en la renovaci\u00f3n de nichos y la construcci\u00f3n de nuevos para que nuestros afiliados tengan un lugar a donde colocar a sus difuntos\u00bb.<br>Por \u00faltimo, el director del Cementerio La Misericordia, Dante V\u00e1zquez, destac\u00f3: \u00abEn primer t\u00e9rmino, agradecer al intendente por estar aqu\u00ed acompa\u00f1\u00e1ndonos y respaldando siempre nuestras inquietudes\u201d<br>\u201cHoy estamos haciendo una serie de obras que consisten en los calicantos, nichos comunitarios y ha mediados de marzo comenzaremos con las inscripciones de los terrenos que ser\u00e1n para calicantos, y haremos desag\u00fces contactados\u00bb, finaliz\u00f3 V\u00e1zquez.<\/p>\n","protected":false},"excerpt":{"rendered":"<p>El intendente Roger Nediani se reuni\u00f3 con autoridades del Sindicato Uni\u00f3n Obreros y Empleados Municipales (SUOEM) y del Cementerio La Misericordia para planificar y concretar mejoras en la infraestructura de la necr\u00f3polis bande\u00f1a.<\/p>\n","protected":false},"author":2,"featured_media":49797,"comment_status":"open","ping_status":"open","sticky":false,"template":"","format":"standard","meta":{"om_disable_all_campaigns":false,"_monsterinsights_skip_tracking":false,"_monsterinsights_sitenote_active":false,"_monsterinsights_sitenote_note":"","_monsterinsights_sitenote_category":0,"_uf_show_specific_survey":0,"_uf_disable_surveys":false,"jetpack_post_was_ever_published":false,"_jetpack_newsletter_access":"","_jetpack_dont_email_post_to_subs":false,"_jetpack_newsletter_tier_id":0,"_jetpack_memberships_contains_paywalled_content":false,"_jetpack_memberships_contains_paid_content":false,"footnotes":"","jetpack_publicize_message":"","jetpack_publicize_feature_enabled":true,"jetpack_social_post_already_shared":true,"jetpack_social_options":{"image_generator_settings":{"template":"highway","default_image_id":0,"font":"","enabled":false},"version":2}},"categories":[9],"tags":[],"class_list":["post-49796","post","type-post","status-publish","format-standard","has-post-thumbnail","hentry","category-banda"],"aioseo_notices":[],"views":27,"jetpack_publicize_connections":[],"jetpack_featured_media_url":"https:\/\/i0.wp.com\/elterritorialweb.com.ar\/web\/wp-content\/uploads\/2023\/02\/WhatsApp-Image-2023-02-26-at-20.21.08.jpeg?fit=1280%2C845&ssl=1","jetpack_sharing_enabled":true,"_links":{"self":[{"href":"https:\/\/elterritorialweb.com.ar\/web\/wp-json\/wp\/v2\/posts\/49796","targetHints":{"allow":["GET"]}}],"collection":[{"href":"https:\/\/elterritorialweb.com.ar\/web\/wp-json\/wp\/v2\/posts"}],"about":[{"href":"https:\/\/elterritorialweb.com.ar\/web\/wp-json\/wp\/v2\/types\/post"}],"author":[{"embeddable":true,"href":"https:\/\/elterritorialweb.com.ar\/web\/wp-json\/wp\/v2\/users\/2"}],"replies":[{"embeddable":true,"href":"https:\/\/elterritorialweb.com.ar\/web\/wp-json\/wp\/v2\/comments?post=49796"}],"version-history":[{"count":1,"href":"https:\/\/elterritorialweb.com.ar\/web\/wp-json\/wp\/v2\/posts\/49796\/revisions"}],"predecessor-version":[{"id":49798,"href":"https:\/\/elterritorialweb.com.ar\/web\/wp-json\/wp\/v2\/posts\/49796\/revisions\/49798"}],"wp:featuredmedia":[{"embeddable":true,"href":"https:\/\/elterritorialweb.com.ar\/web\/wp-json\/wp\/v2\/media\/49797"}],"wp:attachment":[{"href":"https:\/\/elterritorialweb.com.ar\/web\/wp-json\/wp\/v2\/media?parent=49796"}],"wp:term":[{"taxonomy":"category","embeddable":true,"href":"https:\/\/elterritorialweb.com.ar\/web\/wp-json\/wp\/v2\/categories?post=49796"},{"taxonomy":"post_tag","embeddable":true,"href":"https:\/\/elterritorialweb.com.ar\/web\/wp-json\/wp\/v2\/tags?post=49796"}],"curies":[{"name":"wp","href":"https:\/\/api.w.org\/{rel}","templated":true}]}}