{"id":49800,"date":"2023-02-26T21:35:00","date_gmt":"2023-02-26T21:35:00","guid":{"rendered":"http:\/\/elterritorialweb.com.ar\/web\/?p=49800"},"modified":"2023-02-26T21:35:02","modified_gmt":"2023-02-26T21:35:02","slug":"la-municipalidad-de-la-banda-rindio-homenaje-al-general-san-martin-en-el-dia-de-natalidad","status":"publish","type":"post","link":"https:\/\/elterritorialweb.com.ar\/web\/la-municipalidad-de-la-banda-rindio-homenaje-al-general-san-martin-en-el-dia-de-natalidad\/","title":{"rendered":"LA MUNICIPALIDAD DE LA BANDA RINDI\u00d3 HOMENAJE AL GENERAL SAN MART\u00cdN EN EL D\u00cdA DE NATALIDAD"},"content":{"rendered":"\n<p>Cabe destacar, que en la misma estuvo presente el viceintendente Gabriel Santill\u00e1n acompa\u00f1ado por la subsecretaria de Educaci\u00f3n y Cultura, Alejandra Far\u00edas; director de Educaci\u00f3n, Facundo Far\u00edas; el Presidente de la Asociaci\u00f3n Cultural Sanmartiniana, Jos\u00e9 Oliveri; la Defensora del Pueblo, Claudia Acu\u00f1a; la escribana municipal, Laura Tula Risso; el director de la Juventud, Delfor Gerez; la subsecretaria de Ordenamiento Urbano, Carolina Montenegro, la subsecretaria de Desarrollo Urbano, Gabriela Coronel: el director de deportes, Mario C\u00e1ceres; el Delegado del Estado Mayor del Ej\u00e9rcito, Coronel Tomas Dionisio V\u00e1squez; Jefe destacamento de Vigilancia del Cuartel, Mayor de Ingenieros Mario Luis Rosa; el Director del Centro Educativo de Perfeccionamiento Especifico de Gendarmer\u00eda Nacional Argentina, Comandante Sergio Hern\u00e1n Rodr\u00edguez y dem\u00e1s autoridades.<br>En esta oportunidad, la subsecretaria de Educaci\u00f3n y Cultura, destac\u00f3: \u201cHoy nos reunimos para conmemorar el nacimiento de un h\u00e9roe como es el Gral. San Martin el padre de la patria, ya que tambi\u00e9n fue el que propuso y propici\u00f3 la declaraci\u00f3n de la Independencia desde 1816 y frigo por la libertad de los pueblos\u201d.<br>Por su parte, el Presidente de la Asociaci\u00f3n Cultural Sanmartiniana, Jos\u00e9 Oliveri agreg\u00f3: \u201cPrincipalmente les quiero agradecer a todos los presentes por estar en este d\u00eda tan especial porque es el cumplea\u00f1os de nuestro General San Mart\u00edn, por eso nuestra comisi\u00f3n desde el a\u00f1o pasado opt\u00f3 por realizar la celebraci\u00f3n este s\u00e1bado 25\u201d.<br>\u201cUn d\u00eda como \u00e9ste lleg\u00f3 a nuestra tierra el que yo digo que es mes\u00edas de la libertad de nuestros pueblos\u201d, finaliz\u00f3 Oliveri<\/p>\n","protected":false},"excerpt":{"rendered":"<p>En la tarde del s\u00e1bado, el Subsecretar\u00eda de Educaci\u00f3n y Cultura de la Municipalidad de La Banda junto a la Asociaci\u00f3n Cultural Sanmartiniana llevaron a cabo un acto conmemorativo en la intersecci\u00f3n de la Av. San Martin y Espa\u00f1a.<\/p>\n","protected":false},"author":2,"featured_media":49801,"comment_status":"open","ping_status":"open","sticky":false,"template":"","format":"standard","meta":{"om_disable_all_campaigns":false,"_monsterinsights_skip_tracking":false,"_monsterinsights_sitenote_active":false,"_monsterinsights_sitenote_note":"","_monsterinsights_sitenote_category":0,"_uf_show_specific_survey":0,"_uf_disable_surveys":false,"jetpack_post_was_ever_published":false,"_jetpack_newsletter_access":"","_jetpack_dont_email_post_to_subs":false,"_jetpack_newsletter_tier_id":0,"_jetpack_memberships_contains_paywalled_content":false,"_jetpack_memberships_contains_paid_content":false,"footnotes":"","jetpack_publicize_message":"","jetpack_publicize_feature_enabled":true,"jetpack_social_post_already_shared":true,"jetpack_social_options":{"image_generator_settings":{"template":"highway","default_image_id":0,"font":"","enabled":false},"version":2}},"categories":[9],"tags":[],"class_list":["post-49800","post","type-post","status-publish","format-standard","has-post-thumbnail","hentry","category-banda"],"aioseo_notices":[],"views":12,"jetpack_publicize_connections":[],"jetpack_featured_media_url":"https:\/\/i0.wp.com\/elterritorialweb.com.ar\/web\/wp-content\/uploads\/2023\/02\/WhatsApp-Image-2023-02-26-at-20.21.08-1.jpeg?fit=1600%2C1200&ssl=1","jetpack_sharing_enabled":true,"_links":{"self":[{"href":"https:\/\/elterritorialweb.com.ar\/web\/wp-json\/wp\/v2\/posts\/49800","targetHints":{"allow":["GET"]}}],"collection":[{"href":"https:\/\/elterritorialweb.com.ar\/web\/wp-json\/wp\/v2\/posts"}],"about":[{"href":"https:\/\/elterritorialweb.com.ar\/web\/wp-json\/wp\/v2\/types\/post"}],"author":[{"embeddable":true,"href":"https:\/\/elterritorialweb.com.ar\/web\/wp-json\/wp\/v2\/users\/2"}],"replies":[{"embeddable":true,"href":"https:\/\/elterritorialweb.com.ar\/web\/wp-json\/wp\/v2\/comments?post=49800"}],"version-history":[{"count":1,"href":"https:\/\/elterritorialweb.com.ar\/web\/wp-json\/wp\/v2\/posts\/49800\/revisions"}],"predecessor-version":[{"id":49802,"href":"https:\/\/elterritorialweb.com.ar\/web\/wp-json\/wp\/v2\/posts\/49800\/revisions\/49802"}],"wp:featuredmedia":[{"embeddable":true,"href":"https:\/\/elterritorialweb.com.ar\/web\/wp-json\/wp\/v2\/media\/49801"}],"wp:attachment":[{"href":"https:\/\/elterritorialweb.com.ar\/web\/wp-json\/wp\/v2\/media?parent=49800"}],"wp:term":[{"taxonomy":"category","embeddable":true,"href":"https:\/\/elterritorialweb.com.ar\/web\/wp-json\/wp\/v2\/categories?post=49800"},{"taxonomy":"post_tag","embeddable":true,"href":"https:\/\/elterritorialweb.com.ar\/web\/wp-json\/wp\/v2\/tags?post=49800"}],"curies":[{"name":"wp","href":"https:\/\/api.w.org\/{rel}","templated":true}]}}