{"id":49839,"date":"2023-02-27T03:34:30","date_gmt":"2023-02-27T03:34:30","guid":{"rendered":"http:\/\/elterritorialweb.com.ar\/web\/?p=49839"},"modified":"2023-02-27T04:43:14","modified_gmt":"2023-02-27T04:43:14","slug":"comienza-el-pago-de-los-sueldos-a-la-administracion-publica-con-el-aumento-del-95-en-el-basico","status":"publish","type":"post","link":"https:\/\/elterritorialweb.com.ar\/web\/comienza-el-pago-de-los-sueldos-a-la-administracion-publica-con-el-aumento-del-95-en-el-basico\/","title":{"rendered":"COMIENZA EL PAGO DE LOS SUELDOS A LA ADMINISTRACI\u00d3N P\u00daBLICA CON EL AUMENTO DEL 95% EN EL B\u00c1SICO"},"content":{"rendered":"\n<p>El Ministerio de Econom\u00eda de la provincia dio a <a href=\"http:\/\/elterritorialweb.com.ar\/web\/anuncian-el-pago-de-sueldos-de-febrero-para-la-administracion-publica-provincial\/\" data-type=\"URL\" data-id=\"http:\/\/elterritorialweb.com.ar\/web\/anuncian-el-pago-de-sueldos-de-febrero-para-la-administracion-publica-provincial\/\">conocer <strong>el cronograma de\u00a0pagos de sueldos <\/strong><\/a><strong>correspondientes a febrero<\/strong>\u00a0de este a\u00f1o para todos los trabajadores de la\u00a0<strong>administraci\u00f3n p\u00fablica de Santiago del Estero<\/strong>, que se har\u00e1 efectivo ma\u00f1ana<strong>\u00a0lunes 27 y martes 28<\/strong>.<\/p>\n\n\n\n<p>Cabe recordar que este mes entra en vigencia el\u00a0<strong>aumento del 95% en el sueldo b\u00e1sico de los trabajadores,<\/strong>\u00a0en cumplimiento de los anuncios realizados por el gobernador\u00a0<strong>Gerardo Zamora\u00a0<\/strong>en noviembre del a\u00f1o pasado.<\/p>\n\n\n\n<p><strong>El pago se har\u00e1 seg\u00fan el \u00faltimo d\u00edgito de los DNI, para un mayor ordenamiento.<\/strong><\/p>\n\n\n\n<p>A partir de las 8 hs del&nbsp;<strong>lunes&nbsp;<\/strong>27 estar\u00e1 acreditado el dinero en las cuentas de las personas cuyos documentos de identidad finalizan en&nbsp;<strong>0, 1, 2, 3, y 4<\/strong>. Mientras que los trabajadores con DNI terminados en<strong>&nbsp;5, 6, 7, 8 y 9&nbsp;<\/strong>podr\u00e1n cobrar desde las 8 hs del&nbsp;<strong>martes&nbsp;<\/strong>28.<\/p>\n","protected":false},"excerpt":{"rendered":"<p>El pago se har\u00e1 seg\u00fan el \u00faltimo d\u00edgito de los DNI, para un mayor ordenamiento.<\/p>\n","protected":false},"author":2,"featured_media":49847,"comment_status":"open","ping_status":"open","sticky":false,"template":"","format":"standard","meta":{"om_disable_all_campaigns":false,"_monsterinsights_skip_tracking":false,"_monsterinsights_sitenote_active":false,"_monsterinsights_sitenote_note":"","_monsterinsights_sitenote_category":0,"_uf_show_specific_survey":0,"_uf_disable_surveys":false,"jetpack_post_was_ever_published":false,"_jetpack_newsletter_access":"","_jetpack_dont_email_post_to_subs":false,"_jetpack_newsletter_tier_id":0,"_jetpack_memberships_contains_paywalled_content":false,"_jetpack_memberships_contains_paid_content":false,"footnotes":"","jetpack_publicize_message":"","jetpack_publicize_feature_enabled":true,"jetpack_social_post_already_shared":true,"jetpack_social_options":{"image_generator_settings":{"template":"highway","default_image_id":0,"font":"","enabled":false},"version":2}},"categories":[4,2,21],"tags":[],"class_list":["post-49839","post","type-post","status-publish","format-standard","has-post-thumbnail","hentry","category-destacadas","category-economia","category-locales"],"aioseo_notices":[],"views":37,"jetpack_publicize_connections":[],"jetpack_featured_media_url":"https:\/\/i0.wp.com\/elterritorialweb.com.ar\/web\/wp-content\/uploads\/2023\/02\/image-43.png?fit=1200%2C675&ssl=1","jetpack_sharing_enabled":true,"_links":{"self":[{"href":"https:\/\/elterritorialweb.com.ar\/web\/wp-json\/wp\/v2\/posts\/49839","targetHints":{"allow":["GET"]}}],"collection":[{"href":"https:\/\/elterritorialweb.com.ar\/web\/wp-json\/wp\/v2\/posts"}],"about":[{"href":"https:\/\/elterritorialweb.com.ar\/web\/wp-json\/wp\/v2\/types\/post"}],"author":[{"embeddable":true,"href":"https:\/\/elterritorialweb.com.ar\/web\/wp-json\/wp\/v2\/users\/2"}],"replies":[{"embeddable":true,"href":"https:\/\/elterritorialweb.com.ar\/web\/wp-json\/wp\/v2\/comments?post=49839"}],"version-history":[{"count":1,"href":"https:\/\/elterritorialweb.com.ar\/web\/wp-json\/wp\/v2\/posts\/49839\/revisions"}],"predecessor-version":[{"id":49848,"href":"https:\/\/elterritorialweb.com.ar\/web\/wp-json\/wp\/v2\/posts\/49839\/revisions\/49848"}],"wp:featuredmedia":[{"embeddable":true,"href":"https:\/\/elterritorialweb.com.ar\/web\/wp-json\/wp\/v2\/media\/49847"}],"wp:attachment":[{"href":"https:\/\/elterritorialweb.com.ar\/web\/wp-json\/wp\/v2\/media?parent=49839"}],"wp:term":[{"taxonomy":"category","embeddable":true,"href":"https:\/\/elterritorialweb.com.ar\/web\/wp-json\/wp\/v2\/categories?post=49839"},{"taxonomy":"post_tag","embeddable":true,"href":"https:\/\/elterritorialweb.com.ar\/web\/wp-json\/wp\/v2\/tags?post=49839"}],"curies":[{"name":"wp","href":"https:\/\/api.w.org\/{rel}","templated":true}]}}