{"id":49849,"date":"2023-02-27T18:03:18","date_gmt":"2023-02-27T18:03:18","guid":{"rendered":"http:\/\/elterritorialweb.com.ar\/web\/?p=49849"},"modified":"2023-02-27T18:03:21","modified_gmt":"2023-02-27T18:03:21","slug":"la-oficina-de-atencion-al-justiciable-del-poder-judicial-cambio-su-ubicacion","status":"publish","type":"post","link":"https:\/\/elterritorialweb.com.ar\/web\/la-oficina-de-atencion-al-justiciable-del-poder-judicial-cambio-su-ubicacion\/","title":{"rendered":"LA OFICINA DE ATENCI\u00d3N AL JUSTICIABLE DEL PODER JUDICIAL CAMBI\u00d3 SU UBICACI\u00d3N"},"content":{"rendered":"\n<p>El nuevo emplazamiento de la Oficina de Atenci\u00f3n al Justiciable se da en el marco del plan de remodelaci\u00f3n y modernizaci\u00f3n del edificio hist\u00f3rico del Palacio de Tribunales, a cargo de la Secretar\u00eda de Infraestructura y Mantenimiento del Poder Judicial.<\/p>\n\n\n\n<p>Esta dependencia tiene como misi\u00f3n informar y asesorar a todas las personas que lo soliciten, respecto a la ubicaci\u00f3n f\u00edsica de Juzgados, C\u00e1maras, organismos jurisdiccionales y administrativos que funcionan en la sede Capital de la Justicia provincial.<\/p>\n\n\n\n<p>&nbsp;Asimismo, orienta sobre diversos&nbsp;tr\u00e1mites a realizar en la instituci\u00f3n, indicando d\u00f3nde deben dirigirse en casos de formular denuncias, efectuar diversas gestiones o solicitar medidas de urgentes ejecuci\u00f3n, estableciendo contacto con el personal judicial que corresponda, seg\u00fan la naturaleza de cada requerimiento.<\/p>\n","protected":false},"excerpt":{"rendered":"<p>El organismo est\u00e1 emplazado ahora sobre el ala de calle Yrigoyen del Palacio de Tribunales, junto a uno de los accesos para el p\u00fablico<\/p>\n","protected":false},"author":2,"featured_media":49850,"comment_status":"open","ping_status":"open","sticky":false,"template":"","format":"standard","meta":{"om_disable_all_campaigns":false,"_monsterinsights_skip_tracking":false,"_monsterinsights_sitenote_active":false,"_monsterinsights_sitenote_note":"","_monsterinsights_sitenote_category":0,"_uf_show_specific_survey":0,"_uf_disable_surveys":false,"jetpack_post_was_ever_published":false,"_jetpack_newsletter_access":"","_jetpack_dont_email_post_to_subs":false,"_jetpack_newsletter_tier_id":0,"_jetpack_memberships_contains_paywalled_content":false,"_jetpack_memberships_contains_paid_content":false,"footnotes":"","jetpack_publicize_message":"","jetpack_publicize_feature_enabled":true,"jetpack_social_post_already_shared":true,"jetpack_social_options":{"image_generator_settings":{"template":"highway","default_image_id":0,"font":"","enabled":false},"version":2}},"categories":[21],"tags":[],"class_list":["post-49849","post","type-post","status-publish","format-standard","has-post-thumbnail","hentry","category-locales"],"aioseo_notices":[],"views":12,"jetpack_publicize_connections":[],"jetpack_featured_media_url":"https:\/\/i0.wp.com\/elterritorialweb.com.ar\/web\/wp-content\/uploads\/2023\/02\/informes-A.jpg?fit=1024%2C744&ssl=1","jetpack_sharing_enabled":true,"_links":{"self":[{"href":"https:\/\/elterritorialweb.com.ar\/web\/wp-json\/wp\/v2\/posts\/49849","targetHints":{"allow":["GET"]}}],"collection":[{"href":"https:\/\/elterritorialweb.com.ar\/web\/wp-json\/wp\/v2\/posts"}],"about":[{"href":"https:\/\/elterritorialweb.com.ar\/web\/wp-json\/wp\/v2\/types\/post"}],"author":[{"embeddable":true,"href":"https:\/\/elterritorialweb.com.ar\/web\/wp-json\/wp\/v2\/users\/2"}],"replies":[{"embeddable":true,"href":"https:\/\/elterritorialweb.com.ar\/web\/wp-json\/wp\/v2\/comments?post=49849"}],"version-history":[{"count":1,"href":"https:\/\/elterritorialweb.com.ar\/web\/wp-json\/wp\/v2\/posts\/49849\/revisions"}],"predecessor-version":[{"id":49851,"href":"https:\/\/elterritorialweb.com.ar\/web\/wp-json\/wp\/v2\/posts\/49849\/revisions\/49851"}],"wp:featuredmedia":[{"embeddable":true,"href":"https:\/\/elterritorialweb.com.ar\/web\/wp-json\/wp\/v2\/media\/49850"}],"wp:attachment":[{"href":"https:\/\/elterritorialweb.com.ar\/web\/wp-json\/wp\/v2\/media?parent=49849"}],"wp:term":[{"taxonomy":"category","embeddable":true,"href":"https:\/\/elterritorialweb.com.ar\/web\/wp-json\/wp\/v2\/categories?post=49849"},{"taxonomy":"post_tag","embeddable":true,"href":"https:\/\/elterritorialweb.com.ar\/web\/wp-json\/wp\/v2\/tags?post=49849"}],"curies":[{"name":"wp","href":"https:\/\/api.w.org\/{rel}","templated":true}]}}