{"id":49852,"date":"2023-02-27T18:16:54","date_gmt":"2023-02-27T18:16:54","guid":{"rendered":"http:\/\/elterritorialweb.com.ar\/web\/?p=49852"},"modified":"2023-02-27T18:16:58","modified_gmt":"2023-02-27T18:16:58","slug":"garza-estuvo-presente-en-el-lanzamiento-del-programa-dinamicos","status":"publish","type":"post","link":"https:\/\/elterritorialweb.com.ar\/web\/garza-estuvo-presente-en-el-lanzamiento-del-programa-dinamicos\/","title":{"rendered":"GARZA ESTUVO PRESENTE EN EL LANZAMIENTO DEL PROGRAMA \u00abDIN\u00c1MICOS\u00bb"},"content":{"rendered":"\n<p>Este lunes 27 de febrero, el comisionado municipal de Garza Marcos Tenaglia, estuvo presente en el lanzamiento de una nueva l\u00ednea de aportes a emprendedores.<br>El encuentro estuvo presidido por el Secretario de Industria y Desarrollo Productivo de la Naci\u00f3n, Jos\u00e9 Ignacio de Mendiguren y de la Subsecretaria de Desarrollo Emprendedor, Natalia Del Cogliano. Consisti\u00f3 en la presentaci\u00f3n de una nueva l\u00ednea de Aportes No Reembolsables para la creaci\u00f3n, puesta en marcha y desarrollo inicial de emprendimientos.<br>El programa \u00abDin\u00e1micos\u00bb, seg\u00fan se supo, tiene como objetivo brindar apoyo a ideas y emprendimientos que generen valor agregado, \u00a0introduzcan innovaciones, y\/o generen impacto econ\u00f3mico y social a nivel local, nacional, regional y\/o global, priorizando sectores estrat\u00e9gicos.<br>Con su presencia, el comisionado Marcos Tenaglia no solamente represent\u00f3 a la localidad de Garza sino que tambi\u00e9n fue \u00aben busca de herramientas para que los emprendedores locales tengan mejores oportunidades\u00bb, indic\u00f3.\u00a0<\/p>\n","protected":false},"excerpt":{"rendered":"<p>La localidad de Garza, presente en el lanzamiento de un programa para financiar emprendimientos<\/p>\n","protected":false},"author":2,"featured_media":49853,"comment_status":"open","ping_status":"open","sticky":false,"template":"","format":"standard","meta":{"om_disable_all_campaigns":false,"_monsterinsights_skip_tracking":false,"_monsterinsights_sitenote_active":false,"_monsterinsights_sitenote_note":"","_monsterinsights_sitenote_category":0,"_uf_show_specific_survey":0,"_uf_disable_surveys":false,"jetpack_post_was_ever_published":false,"_jetpack_newsletter_access":"","_jetpack_dont_email_post_to_subs":false,"_jetpack_newsletter_tier_id":0,"_jetpack_memberships_contains_paywalled_content":false,"_jetpack_memberships_contains_paid_content":false,"footnotes":"","jetpack_publicize_message":"","jetpack_publicize_feature_enabled":true,"jetpack_social_post_already_shared":true,"jetpack_social_options":{"image_generator_settings":{"template":"highway","default_image_id":0,"font":"","enabled":false},"version":2}},"categories":[21],"tags":[],"class_list":["post-49852","post","type-post","status-publish","format-standard","has-post-thumbnail","hentry","category-locales"],"aioseo_notices":[],"views":30,"jetpack_publicize_connections":[],"jetpack_featured_media_url":"https:\/\/i0.wp.com\/elterritorialweb.com.ar\/web\/wp-content\/uploads\/2023\/02\/emprendedores.jpg?fit=1600%2C900&ssl=1","jetpack_sharing_enabled":true,"_links":{"self":[{"href":"https:\/\/elterritorialweb.com.ar\/web\/wp-json\/wp\/v2\/posts\/49852","targetHints":{"allow":["GET"]}}],"collection":[{"href":"https:\/\/elterritorialweb.com.ar\/web\/wp-json\/wp\/v2\/posts"}],"about":[{"href":"https:\/\/elterritorialweb.com.ar\/web\/wp-json\/wp\/v2\/types\/post"}],"author":[{"embeddable":true,"href":"https:\/\/elterritorialweb.com.ar\/web\/wp-json\/wp\/v2\/users\/2"}],"replies":[{"embeddable":true,"href":"https:\/\/elterritorialweb.com.ar\/web\/wp-json\/wp\/v2\/comments?post=49852"}],"version-history":[{"count":1,"href":"https:\/\/elterritorialweb.com.ar\/web\/wp-json\/wp\/v2\/posts\/49852\/revisions"}],"predecessor-version":[{"id":49854,"href":"https:\/\/elterritorialweb.com.ar\/web\/wp-json\/wp\/v2\/posts\/49852\/revisions\/49854"}],"wp:featuredmedia":[{"embeddable":true,"href":"https:\/\/elterritorialweb.com.ar\/web\/wp-json\/wp\/v2\/media\/49853"}],"wp:attachment":[{"href":"https:\/\/elterritorialweb.com.ar\/web\/wp-json\/wp\/v2\/media?parent=49852"}],"wp:term":[{"taxonomy":"category","embeddable":true,"href":"https:\/\/elterritorialweb.com.ar\/web\/wp-json\/wp\/v2\/categories?post=49852"},{"taxonomy":"post_tag","embeddable":true,"href":"https:\/\/elterritorialweb.com.ar\/web\/wp-json\/wp\/v2\/tags?post=49852"}],"curies":[{"name":"wp","href":"https:\/\/api.w.org\/{rel}","templated":true}]}}