{"id":49855,"date":"2023-02-27T18:37:51","date_gmt":"2023-02-27T18:37:51","guid":{"rendered":"http:\/\/elterritorialweb.com.ar\/web\/?p=49855"},"modified":"2023-02-27T18:37:54","modified_gmt":"2023-02-27T18:37:54","slug":"miles-de-bandenos-disfrutaron-del-regreso-de-los-corsos-de-carnaval","status":"publish","type":"post","link":"https:\/\/elterritorialweb.com.ar\/web\/miles-de-bandenos-disfrutaron-del-regreso-de-los-corsos-de-carnaval\/","title":{"rendered":"MILES DE BANDE\u00d1OS DISFRUTARON DEL REGRESO DE LOS CORSOS DE CARNAVAL"},"content":{"rendered":"\n<p>En la oportunidad, estuvo presente el intendente Roger Nediani acompa\u00f1ado por el viceintendente Gabriel Santill\u00e1n; la subsecretaria de Educaci\u00f3n y Cultura, Alejandra Far\u00edas; el director de Educaci\u00f3n, Facundo Far\u00edas; el director de Cultura, Alejandro Jozami; la secretaria de Comunicaci\u00f3n, Fernanda Raschi; y dem\u00e1s autoridades.<\/p>\n\n\n\n<figure class=\"wp-block-image size-large\"><a href=\"https:\/\/i0.wp.com\/elterritorialweb.com.ar\/web\/wp-content\/uploads\/2023\/02\/WhatsApp-Image-2023-02-27-at-17.40.51-1.jpeg\"><img data-recalc-dims=\"1\" decoding=\"async\" width=\"640\" height=\"427\" data-src=\"https:\/\/i0.wp.com\/elterritorialweb.com.ar\/web\/wp-content\/uploads\/2023\/02\/WhatsApp-Image-2023-02-27-at-17.40.51-1.jpeg?resize=640%2C427\" alt=\"\" class=\"wp-image-49856 lazyload\" data-srcset=\"https:\/\/i0.wp.com\/elterritorialweb.com.ar\/web\/wp-content\/uploads\/2023\/02\/WhatsApp-Image-2023-02-27-at-17.40.51-1.jpeg?resize=1024%2C683&amp;ssl=1 1024w, https:\/\/i0.wp.com\/elterritorialweb.com.ar\/web\/wp-content\/uploads\/2023\/02\/WhatsApp-Image-2023-02-27-at-17.40.51-1.jpeg?resize=300%2C200&amp;ssl=1 300w, https:\/\/i0.wp.com\/elterritorialweb.com.ar\/web\/wp-content\/uploads\/2023\/02\/WhatsApp-Image-2023-02-27-at-17.40.51-1.jpeg?resize=768%2C512&amp;ssl=1 768w, https:\/\/i0.wp.com\/elterritorialweb.com.ar\/web\/wp-content\/uploads\/2023\/02\/WhatsApp-Image-2023-02-27-at-17.40.51-1.jpeg?resize=1536%2C1024&amp;ssl=1 1536w, https:\/\/i0.wp.com\/elterritorialweb.com.ar\/web\/wp-content\/uploads\/2023\/02\/WhatsApp-Image-2023-02-27-at-17.40.51-1.jpeg?w=1599&amp;ssl=1 1599w, https:\/\/i0.wp.com\/elterritorialweb.com.ar\/web\/wp-content\/uploads\/2023\/02\/WhatsApp-Image-2023-02-27-at-17.40.51-1.jpeg?w=1280 1280w\" data-sizes=\"(max-width: 640px) 100vw, 640px\" src=\"data:image\/svg+xml;base64,PHN2ZyB3aWR0aD0iMSIgaGVpZ2h0PSIxIiB4bWxucz0iaHR0cDovL3d3dy53My5vcmcvMjAwMC9zdmciPjwvc3ZnPg==\" style=\"--smush-placeholder-width: 640px; --smush-placeholder-aspect-ratio: 640\/427;\" \/><\/a><\/figure>\n\n\n\n<p>En esta oportunidad, el intendente Roger Nediani destac\u00f3: \u201cEs una noche especial ya que forma parte de una expresi\u00f3n art\u00edstica y cultural por lo que estamos lanzando este desfile de murgas en la ciudad de La Banda, y estoy muy agradecido por el trabajo que cada una de las \u00e1reas del Municipio que llevaron a cabo desde la Secretaria de Gobierno, Comunicaci\u00f3n, Subsecretar\u00eda de Educaci\u00f3n y Cultura, Direcci\u00f3n de Turismo, Tr\u00e1nsito, Salud, Juventud, Protocolo, Relaciones Institucionales, Alerta Banda, entre otros\u201d.<\/p>\n\n\n\n<p>\u201cEstoy muy contento por la participaci\u00f3n de cada una de las murgas que obviamente son de aqu\u00ed de la cuidad de La Banda y otras de Capital que nos acompa\u00f1an, y que cada una de estas cuentan aproximadamente con m\u00e1s de 200 integrantes\u201d, finaliz\u00f3 Nediani.<\/p>\n\n\n\n<figure class=\"wp-block-image size-large\"><a href=\"https:\/\/i0.wp.com\/elterritorialweb.com.ar\/web\/wp-content\/uploads\/2023\/02\/WhatsApp-Image-2023-02-27-at-17.40.52.jpeg\"><img data-recalc-dims=\"1\" decoding=\"async\" width=\"640\" height=\"480\" data-src=\"https:\/\/i0.wp.com\/elterritorialweb.com.ar\/web\/wp-content\/uploads\/2023\/02\/WhatsApp-Image-2023-02-27-at-17.40.52.jpeg?resize=640%2C480\" alt=\"\" class=\"wp-image-49858 lazyload\" data-srcset=\"https:\/\/i0.wp.com\/elterritorialweb.com.ar\/web\/wp-content\/uploads\/2023\/02\/WhatsApp-Image-2023-02-27-at-17.40.52.jpeg?resize=1024%2C768&amp;ssl=1 1024w, https:\/\/i0.wp.com\/elterritorialweb.com.ar\/web\/wp-content\/uploads\/2023\/02\/WhatsApp-Image-2023-02-27-at-17.40.52.jpeg?resize=300%2C225&amp;ssl=1 300w, https:\/\/i0.wp.com\/elterritorialweb.com.ar\/web\/wp-content\/uploads\/2023\/02\/WhatsApp-Image-2023-02-27-at-17.40.52.jpeg?resize=768%2C576&amp;ssl=1 768w, https:\/\/i0.wp.com\/elterritorialweb.com.ar\/web\/wp-content\/uploads\/2023\/02\/WhatsApp-Image-2023-02-27-at-17.40.52.jpeg?resize=1536%2C1152&amp;ssl=1 1536w, https:\/\/i0.wp.com\/elterritorialweb.com.ar\/web\/wp-content\/uploads\/2023\/02\/WhatsApp-Image-2023-02-27-at-17.40.52.jpeg?w=1600&amp;ssl=1 1600w, https:\/\/i0.wp.com\/elterritorialweb.com.ar\/web\/wp-content\/uploads\/2023\/02\/WhatsApp-Image-2023-02-27-at-17.40.52.jpeg?w=1280 1280w\" data-sizes=\"(max-width: 640px) 100vw, 640px\" src=\"data:image\/svg+xml;base64,PHN2ZyB3aWR0aD0iMSIgaGVpZ2h0PSIxIiB4bWxucz0iaHR0cDovL3d3dy53My5vcmcvMjAwMC9zdmciPjwvc3ZnPg==\" style=\"--smush-placeholder-width: 640px; --smush-placeholder-aspect-ratio: 640\/480;\" \/><\/a><\/figure>\n\n\n\n<p>Por \u00faltimo, dicha actividad cont\u00f3 con la participaci\u00f3n de las siguientes murgas: La Telesita, La Gran Capitana, Los Gloriosos de La Banda, Centro Murga Ilustres del Carnaval, Murgueros del Oeste, Los Elegantes del Carnaval y Los Incomparables de la Loma; quienes mostraron sus imponentes trajes, bailes, cantos y percusi\u00f3n hasta la plaza Belgrano donde culmin\u00f3 dicha presentaci\u00f3n.<\/p>\n","protected":false},"excerpt":{"rendered":"<p>Durante la tarde del domingo, los bande\u00f1os disfrutar del \u201cGran desfile murguero ciudad de La Banda\u201d, que se llev\u00f3 a cabo sobre avenida Belgrano con la participaci\u00f3n de imponentes murgas.<\/p>\n","protected":false},"author":2,"featured_media":49857,"comment_status":"open","ping_status":"open","sticky":false,"template":"","format":"standard","meta":{"om_disable_all_campaigns":false,"_monsterinsights_skip_tracking":false,"_monsterinsights_sitenote_active":false,"_monsterinsights_sitenote_note":"","_monsterinsights_sitenote_category":0,"_uf_show_specific_survey":0,"_uf_disable_surveys":false,"jetpack_post_was_ever_published":false,"_jetpack_newsletter_access":"","_jetpack_dont_email_post_to_subs":false,"_jetpack_newsletter_tier_id":0,"_jetpack_memberships_contains_paywalled_content":false,"_jetpack_memberships_contains_paid_content":false,"footnotes":"","jetpack_publicize_message":"","jetpack_publicize_feature_enabled":true,"jetpack_social_post_already_shared":true,"jetpack_social_options":{"image_generator_settings":{"template":"highway","default_image_id":0,"font":"","enabled":false},"version":2}},"categories":[9],"tags":[],"class_list":["post-49855","post","type-post","status-publish","format-standard","has-post-thumbnail","hentry","category-banda"],"aioseo_notices":[],"views":19,"jetpack_publicize_connections":[],"jetpack_featured_media_url":"https:\/\/i0.wp.com\/elterritorialweb.com.ar\/web\/wp-content\/uploads\/2023\/02\/WhatsApp-Image-2023-02-27-at-17.40.51.jpeg?fit=1600%2C900&ssl=1","jetpack_sharing_enabled":true,"_links":{"self":[{"href":"https:\/\/elterritorialweb.com.ar\/web\/wp-json\/wp\/v2\/posts\/49855","targetHints":{"allow":["GET"]}}],"collection":[{"href":"https:\/\/elterritorialweb.com.ar\/web\/wp-json\/wp\/v2\/posts"}],"about":[{"href":"https:\/\/elterritorialweb.com.ar\/web\/wp-json\/wp\/v2\/types\/post"}],"author":[{"embeddable":true,"href":"https:\/\/elterritorialweb.com.ar\/web\/wp-json\/wp\/v2\/users\/2"}],"replies":[{"embeddable":true,"href":"https:\/\/elterritorialweb.com.ar\/web\/wp-json\/wp\/v2\/comments?post=49855"}],"version-history":[{"count":1,"href":"https:\/\/elterritorialweb.com.ar\/web\/wp-json\/wp\/v2\/posts\/49855\/revisions"}],"predecessor-version":[{"id":49859,"href":"https:\/\/elterritorialweb.com.ar\/web\/wp-json\/wp\/v2\/posts\/49855\/revisions\/49859"}],"wp:featuredmedia":[{"embeddable":true,"href":"https:\/\/elterritorialweb.com.ar\/web\/wp-json\/wp\/v2\/media\/49857"}],"wp:attachment":[{"href":"https:\/\/elterritorialweb.com.ar\/web\/wp-json\/wp\/v2\/media?parent=49855"}],"wp:term":[{"taxonomy":"category","embeddable":true,"href":"https:\/\/elterritorialweb.com.ar\/web\/wp-json\/wp\/v2\/categories?post=49855"},{"taxonomy":"post_tag","embeddable":true,"href":"https:\/\/elterritorialweb.com.ar\/web\/wp-json\/wp\/v2\/tags?post=49855"}],"curies":[{"name":"wp","href":"https:\/\/api.w.org\/{rel}","templated":true}]}}