{"id":49864,"date":"2023-02-27T20:00:30","date_gmt":"2023-02-27T20:00:30","guid":{"rendered":"http:\/\/elterritorialweb.com.ar\/web\/?p=49864"},"modified":"2023-02-27T20:00:35","modified_gmt":"2023-02-27T20:00:35","slug":"scaloni-continuara-como-entrenador-de-la-seleccion-argentina-hasta-2026","status":"publish","type":"post","link":"https:\/\/elterritorialweb.com.ar\/web\/scaloni-continuara-como-entrenador-de-la-seleccion-argentina-hasta-2026\/","title":{"rendered":"SCALONI CONTINUAR\u00c1 COMO ENTRENADOR DE LA SELECCION ARGENTINA HASTA 2026"},"content":{"rendered":"\n<p>La\u00a0<strong>Asociaci\u00f3n del F\u00fatbol Argentino\u00a0<\/strong>(AFA) confirm\u00f3 este lunes la continuidad del entrenador del seleccionado campe\u00f3n del Mundo en Qatar 2022, Lionel Scaloni, hasta 2026.<\/p>\n\n\n\n<p>\u201c<strong>Confirmado: Hay Lionel Scaloni para rato. \u00a1Seguimos!<\/strong>\u201d, fue el mensaje que hizo la cuenta de Twitter de la Selecci\u00f3n argentina dando por concreto que el t\u00e9cnico campe\u00f3n del mundo en Qatar\u00a0<strong>seguir\u00e1 vistiendo el buzo de la celeste y blanco hasta el 2026<\/strong>, es decir, hasta el pr\u00f3ximo campeonato del mundo en Estados Unidos, M\u00e9xico y Canad\u00e1.<\/p>\n\n\n\n<figure class=\"wp-block-embed is-type-rich is-provider-twitter wp-block-embed-twitter\"><div class=\"wp-block-embed__wrapper\">\nhttps:\/\/twitter.com\/Argentina\/status\/1630257061358362625\n<\/div><\/figure>\n\n\n\n<p><strong>\u201cLa verdad que estoy en un lugar so\u00f1ado para cualquier argentino.<\/strong>\u00a0Es un lugar incre\u00edble despu\u00e9s de haber ganado el Mundial. Es evidente que es un lugar en el que cualquiera quiere estar y estoy encantado\u201d, fueron las palabras que hab\u00eda pronunciado el DT respecto al acuerdo que finalmente lleg\u00f3.<br>Por su parte, el presidente de la AFA, Claudio \u201cChiqui\u201d Tapia, quien est\u00e1 en Par\u00eds para presenciar la<a rel=\"noreferrer noopener\" href=\"https:\/\/www.c5n.com\/deportes\/premios-the-best-la-fifa-las-apuestas-anticipan-quienes-seran-los-ganadores-n100913\" target=\"_blank\">\u00a0<\/a>gala de los premios The Best, tambi\u00e9n hizo el anuncio en sus redes sociales sobre la continuidad del santafesino como entrenador de Argentina.<br>\u201cCuando la confianza es alta, la comunicaci\u00f3n es sencilla y efectiva.<strong>\u00a0Seguimos afianzando el proyecto de selecciones nacionales, junto a Lionel Scaloni, el DT campe\u00f3n del mundo<\/strong>\u201d, poste\u00f3 el exdirigente de Barras Central junto a una foto con el nacido en Pujato.<\/p>\n\n\n\n<figure class=\"wp-block-embed is-type-rich is-provider-twitter wp-block-embed-twitter\"><div class=\"wp-block-embed__wrapper\">\nhttps:\/\/twitter.com\/tapiachiqui\/status\/1630258503674626051\n<\/div><\/figure>\n\n\n\n<h3 class=\"wp-block-heading\">La agenda de la Selecci\u00f3n argentina que deber\u00e1 afrontar pr\u00f3ximamente<\/h3>\n\n\n\n<p>Tras el campeonato del mundo en Qatar 2022,\u00a0la Selecci\u00f3n har\u00e1 su presentaci\u00f3n en suelo argentino en marzo de 2023 por la doble fecha FIFA.<\/p>\n\n\n\n<p>Argentina jugar\u00e1 el&nbsp;<strong>23 de ante Panam\u00e1 en el estadio M\u00e1s Monumental y el 28 del mismo mes ante Surinam<\/strong>, con estadio a confirmar, probablemente en el Interior del pa\u00eds (C\u00f3rdoba, San Juan y San Luis, las plazas en danza).<\/p>\n\n\n\n<p>El objetivo de estos duelos, m\u00e1s all\u00e1 del reinicio del ciclo, ser\u00e1 el encuentro entre los campeones y el p\u00fablico, que seguramente agotar\u00e1 entradas r\u00e1pidamente.<\/p>\n\n\n\n<p>Por su parte, los partidos por las Eliminatorias de cara al Mundial\u00a0<strong>2026, que se jugar\u00e1 en Estados Unidos, M\u00e9xico y Canad\u00e1,\u00a0empezar\u00e1n en septiembre.<\/strong><\/p>\n","protected":false},"excerpt":{"rendered":"<p>La informaci\u00f3n fue confirmada por la AFA tras la reuni\u00f3n que mantuvo el t\u00e9cnico con Chiqui Tapia.<\/p>\n","protected":false},"author":2,"featured_media":49865,"comment_status":"open","ping_status":"open","sticky":false,"template":"","format":"standard","meta":{"om_disable_all_campaigns":false,"_monsterinsights_skip_tracking":false,"_monsterinsights_sitenote_active":false,"_monsterinsights_sitenote_note":"","_monsterinsights_sitenote_category":0,"_uf_show_specific_survey":0,"_uf_disable_surveys":false,"jetpack_post_was_ever_published":false,"_jetpack_newsletter_access":"","_jetpack_dont_email_post_to_subs":false,"_jetpack_newsletter_tier_id":0,"_jetpack_memberships_contains_paywalled_content":false,"_jetpack_memberships_contains_paid_content":false,"footnotes":"","jetpack_publicize_message":"","jetpack_publicize_feature_enabled":true,"jetpack_social_post_already_shared":true,"jetpack_social_options":{"image_generator_settings":{"template":"highway","default_image_id":0,"font":"","enabled":false},"version":2}},"categories":[6],"tags":[],"class_list":["post-49864","post","type-post","status-publish","format-standard","has-post-thumbnail","hentry","category-deportes"],"aioseo_notices":[],"views":15,"jetpack_publicize_connections":[],"jetpack_featured_media_url":"https:\/\/i0.wp.com\/elterritorialweb.com.ar\/web\/wp-content\/uploads\/2023\/02\/SCALONI.jpg?fit=680%2C680&ssl=1","jetpack_sharing_enabled":true,"_links":{"self":[{"href":"https:\/\/elterritorialweb.com.ar\/web\/wp-json\/wp\/v2\/posts\/49864","targetHints":{"allow":["GET"]}}],"collection":[{"href":"https:\/\/elterritorialweb.com.ar\/web\/wp-json\/wp\/v2\/posts"}],"about":[{"href":"https:\/\/elterritorialweb.com.ar\/web\/wp-json\/wp\/v2\/types\/post"}],"author":[{"embeddable":true,"href":"https:\/\/elterritorialweb.com.ar\/web\/wp-json\/wp\/v2\/users\/2"}],"replies":[{"embeddable":true,"href":"https:\/\/elterritorialweb.com.ar\/web\/wp-json\/wp\/v2\/comments?post=49864"}],"version-history":[{"count":1,"href":"https:\/\/elterritorialweb.com.ar\/web\/wp-json\/wp\/v2\/posts\/49864\/revisions"}],"predecessor-version":[{"id":49866,"href":"https:\/\/elterritorialweb.com.ar\/web\/wp-json\/wp\/v2\/posts\/49864\/revisions\/49866"}],"wp:featuredmedia":[{"embeddable":true,"href":"https:\/\/elterritorialweb.com.ar\/web\/wp-json\/wp\/v2\/media\/49865"}],"wp:attachment":[{"href":"https:\/\/elterritorialweb.com.ar\/web\/wp-json\/wp\/v2\/media?parent=49864"}],"wp:term":[{"taxonomy":"category","embeddable":true,"href":"https:\/\/elterritorialweb.com.ar\/web\/wp-json\/wp\/v2\/categories?post=49864"},{"taxonomy":"post_tag","embeddable":true,"href":"https:\/\/elterritorialweb.com.ar\/web\/wp-json\/wp\/v2\/tags?post=49864"}],"curies":[{"name":"wp","href":"https:\/\/api.w.org\/{rel}","templated":true}]}}