{"id":49867,"date":"2023-02-27T20:44:10","date_gmt":"2023-02-27T20:44:10","guid":{"rendered":"http:\/\/elterritorialweb.com.ar\/web\/?p=49867"},"modified":"2023-02-27T20:52:33","modified_gmt":"2023-02-27T20:52:33","slug":"el-dibu-martinez-gano-el-premio-de-best-al-mejor-arquero","status":"publish","type":"post","link":"https:\/\/elterritorialweb.com.ar\/web\/el-dibu-martinez-gano-el-premio-de-best-al-mejor-arquero\/","title":{"rendered":"DIBU MARTINEZ GAN\u00d3 EL PREMIO THE BEST AL MEJOR ARQUERO"},"content":{"rendered":"\n<p>El arquero de la Selecci\u00f3n argentina,\u00a0<strong>Emiliano Mart\u00ednez<\/strong>,\u00a0<strong>gan\u00f3 el premio The Best al mejor arquero de 2022<\/strong>, luego de ser una\u00a0figura clave en la consagraci\u00f3n en la Copa del Mundo Qatar 2022.<\/p>\n\n\n\n<p>Luego de recibir el premio a manos del exarquero Julio C\u00e9sar, Mart\u00ednez le dedic\u00f3 el premio a sus padres:\u00a0<strong>\u00abCuando me preguntan qui\u00e9nes son mis \u00eddolos, siempre hablo de mi mam\u00e1, que la ve\u00eda limpiar edificios durante ocho o nueve horas y a mi pap\u00e1 trabajar. Ellos son mis h\u00e9roes\u00bb<\/strong>.<\/p>\n\n\n\n<p>Luego de recibir el premio a manos del exarquero Julio C\u00e9sar, Mart\u00ednez le dedic\u00f3 el premio a sus padres:\u00a0<strong>\u00abCuando me preguntan qui\u00e9nes son mis \u00eddolos, siempre hablo de mi mam\u00e1, que la ve\u00eda limpiar edificios durante ocho o nueve horas y a mi pap\u00e1 trabajar. Ellos son mis h\u00e9roes\u00bb<\/strong>.<\/p>\n\n\n\n<p><strong>\u00abEs algo muy lindo recibir este premio, ya que es un orgullo para mi carrera\u00bb<\/strong>, explic\u00f3 el jugador de Aston Villa de Inglaterra, que luego agradeci\u00f3 a su familia, al plantel de la Albiceleste, a Lionel Scaloni por haberlo convocado a la Selecci\u00f3n.<\/p>\n\n\n\n<p>Luego de recibir el premio a manos del exarquero Julio C\u00e9sar, Mart\u00ednez le dedic\u00f3 el premio a sus padres:\u00a0<strong>\u00abCuando me preguntan qui\u00e9nes son mis \u00eddolos, siempre hablo de mi mam\u00e1, que la ve\u00eda limpiar edificios durante ocho o nueve horas y a mi pap\u00e1 trabajar. Ellos son mis h\u00e9roes\u00bb<\/strong>.<\/p>\n","protected":false},"excerpt":{"rendered":"<p>El arquero de la Selecci\u00f3n argentina recibi\u00f3 el galard\u00f3n en Paris tras ganar el Mundial de Qatar 2022.<\/p>\n","protected":false},"author":2,"featured_media":49868,"comment_status":"open","ping_status":"open","sticky":false,"template":"","format":"standard","meta":{"om_disable_all_campaigns":false,"_monsterinsights_skip_tracking":false,"_monsterinsights_sitenote_active":false,"_monsterinsights_sitenote_note":"","_monsterinsights_sitenote_category":0,"_uf_show_specific_survey":0,"_uf_disable_surveys":false,"jetpack_post_was_ever_published":false,"_jetpack_newsletter_access":"","_jetpack_dont_email_post_to_subs":false,"_jetpack_newsletter_tier_id":0,"_jetpack_memberships_contains_paywalled_content":false,"_jetpack_memberships_contains_paid_content":false,"footnotes":"","jetpack_publicize_message":"","jetpack_publicize_feature_enabled":true,"jetpack_social_post_already_shared":true,"jetpack_social_options":{"image_generator_settings":{"template":"highway","default_image_id":0,"font":"","enabled":false},"version":2}},"categories":[6],"tags":[],"class_list":["post-49867","post","type-post","status-publish","format-standard","has-post-thumbnail","hentry","category-deportes"],"aioseo_notices":[],"views":20,"jetpack_publicize_connections":[],"jetpack_featured_media_url":"https:\/\/i0.wp.com\/elterritorialweb.com.ar\/web\/wp-content\/uploads\/2023\/02\/image-44.png?fit=644%2C362&ssl=1","jetpack_sharing_enabled":true,"_links":{"self":[{"href":"https:\/\/elterritorialweb.com.ar\/web\/wp-json\/wp\/v2\/posts\/49867","targetHints":{"allow":["GET"]}}],"collection":[{"href":"https:\/\/elterritorialweb.com.ar\/web\/wp-json\/wp\/v2\/posts"}],"about":[{"href":"https:\/\/elterritorialweb.com.ar\/web\/wp-json\/wp\/v2\/types\/post"}],"author":[{"embeddable":true,"href":"https:\/\/elterritorialweb.com.ar\/web\/wp-json\/wp\/v2\/users\/2"}],"replies":[{"embeddable":true,"href":"https:\/\/elterritorialweb.com.ar\/web\/wp-json\/wp\/v2\/comments?post=49867"}],"version-history":[{"count":5,"href":"https:\/\/elterritorialweb.com.ar\/web\/wp-json\/wp\/v2\/posts\/49867\/revisions"}],"predecessor-version":[{"id":49876,"href":"https:\/\/elterritorialweb.com.ar\/web\/wp-json\/wp\/v2\/posts\/49867\/revisions\/49876"}],"wp:featuredmedia":[{"embeddable":true,"href":"https:\/\/elterritorialweb.com.ar\/web\/wp-json\/wp\/v2\/media\/49868"}],"wp:attachment":[{"href":"https:\/\/elterritorialweb.com.ar\/web\/wp-json\/wp\/v2\/media?parent=49867"}],"wp:term":[{"taxonomy":"category","embeddable":true,"href":"https:\/\/elterritorialweb.com.ar\/web\/wp-json\/wp\/v2\/categories?post=49867"},{"taxonomy":"post_tag","embeddable":true,"href":"https:\/\/elterritorialweb.com.ar\/web\/wp-json\/wp\/v2\/tags?post=49867"}],"curies":[{"name":"wp","href":"https:\/\/api.w.org\/{rel}","templated":true}]}}