{"id":49877,"date":"2023-02-27T21:09:21","date_gmt":"2023-02-27T21:09:21","guid":{"rendered":"http:\/\/elterritorialweb.com.ar\/web\/?p=49877"},"modified":"2023-02-27T21:55:52","modified_gmt":"2023-02-27T21:55:52","slug":"lionel-scaloni-obtuvo-el-premio-the-best-al-mejor-tecnico","status":"publish","type":"post","link":"https:\/\/elterritorialweb.com.ar\/web\/lionel-scaloni-obtuvo-el-premio-the-best-al-mejor-tecnico\/","title":{"rendered":"LIONEL SCALONI, EL MEJOR T\u00c9CNICO DEL MUNDO"},"content":{"rendered":"\n<p>El director t\u00e9cnico de la Selecci\u00f3n argentina,\u00a0<strong>Lionel Scaloni, gan\u00f3 el premio The Best al mejor entrenador de 2022<\/strong>, cuando dirigi\u00f3 a la Albiceleste en el Mundial Qatar 2022.<\/p>\n\n\n\n<p><strong>\u00abQuiero agradecer a los 26 jugadores que nos llevaron a la gloria. Sin ellos no podr\u00edamos haber logrado nada\u00bb<\/strong>, fueron las primeras palabras del entrenador que condujo al plantel rumbo al tercer t\u00edtulo de la historia en la Copa del Mundo.<\/p>\n\n\n\n<p>En la misma l\u00ednea, Scaloni aprovech\u00f3 para dedicarle una referencia a Claudio Tapia, el presidente de la AFA, que este lunes&nbsp;<a href=\"https:\/\/www.c5n.com\/deportes\/confirmado-lionel-scaloni-seguira-como-dt-la-seleccion-argentina-2026-n100949\" target=\"_blank\" rel=\"noreferrer noopener\">confirm\u00f3 la extensi\u00f3n del ciclo hasta 2026<\/a>, cuando se dispute el campeonato del mundo en Estados Unidos, Canad\u00e1 y M\u00e9xico:&nbsp;<strong>\u00abPor darme la oportunidad de dirigir a esta Selecci\u00f3n maravillosa\u00bb<\/strong>.<\/p>\n\n\n\n<blockquote class=\"wp-block-quote is-layout-flow wp-block-quote-is-layout-flow\">\n<figure class=\"wp-block-embed is-type-rich is-provider-twitter wp-block-embed-twitter\"><div class=\"wp-block-embed__wrapper\">\nhttps:\/\/twitter.com\/TyCSports\/status\/1630310563296301057\n<\/div><\/figure>\n<\/blockquote>\n\n\n\n<p>Por \u00faltimo, el director t\u00e9cnico se emocion\u00f3 al hablarle a los miembros de su familia:&nbsp;<strong>\u00abA mi esposa y mis hijos, que est\u00e1n ac\u00e1. Tambi\u00e9n a mis padres y mis hermanos que se encuentran en Pujato y gracias a ellos soy lo que soy\u00bb<\/strong>.<\/p>\n\n\n\n<h3 class=\"wp-block-heading\">\u00abNo tiene precio ver feliz a tu gente\u00bb<\/h3>\n\n\n\n<p>El director t\u00e9cnico de la Selecci\u00f3n argentina aprovech\u00f3 la entrega de los premios The Best, realizada en la Sala Pleyel de Par\u00eds, para recordar la felicidad del pueblo argentino y la celebraci\u00f3n durante la Copa del Mundo.<\/p>\n\n\n\n<p><strong>\u00abNo hay cosa m\u00e1s linda y no tiene precio ver feliz a tu gente. Observar a las personas festejando en las calles, emocionadas. Los jugadores han jugado para ellos\u00bb<\/strong>, describi\u00f3 el entrenador.<\/p>\n\n\n\n<h3 class=\"wp-block-heading\">Scaloni, primer argentino en ganar el The Best<\/h3>\n\n\n\n<p>Scaloni fue el primer DT argentino en quedarse con este premio. Anteriormente, Mauricio Pochettino (Tottenham) y Marcelo Bielsa (cuando dirigi\u00f3 Leeds United) hab\u00edan integrado las ternas de 2019 y 2020, respectivamente.<\/p>\n","protected":false},"excerpt":{"rendered":"<p>El entrenador de la Selecci\u00f3n argentina campeona del mundo en Qatar 2022 fue elegido como el m\u00e1s destacado en el cargo.<\/p>\n","protected":false},"author":2,"featured_media":49878,"comment_status":"open","ping_status":"open","sticky":false,"template":"","format":"standard","meta":{"om_disable_all_campaigns":false,"_monsterinsights_skip_tracking":false,"_monsterinsights_sitenote_active":false,"_monsterinsights_sitenote_note":"","_monsterinsights_sitenote_category":0,"_uf_show_specific_survey":0,"_uf_disable_surveys":false,"jetpack_post_was_ever_published":false,"_jetpack_newsletter_access":"","_jetpack_dont_email_post_to_subs":false,"_jetpack_newsletter_tier_id":0,"_jetpack_memberships_contains_paywalled_content":false,"_jetpack_memberships_contains_paid_content":false,"footnotes":"","jetpack_publicize_message":"","jetpack_publicize_feature_enabled":true,"jetpack_social_post_already_shared":true,"jetpack_social_options":{"image_generator_settings":{"template":"highway","default_image_id":0,"font":"","enabled":false},"version":2}},"categories":[6],"tags":[],"class_list":["post-49877","post","type-post","status-publish","format-standard","has-post-thumbnail","hentry","category-deportes"],"aioseo_notices":[],"views":37,"jetpack_publicize_connections":[],"jetpack_featured_media_url":"https:\/\/i0.wp.com\/elterritorialweb.com.ar\/web\/wp-content\/uploads\/2023\/02\/SCALONI-THE-BEST-e1677532154596.jpg?fit=366%2C330&ssl=1","jetpack_sharing_enabled":true,"_links":{"self":[{"href":"https:\/\/elterritorialweb.com.ar\/web\/wp-json\/wp\/v2\/posts\/49877","targetHints":{"allow":["GET"]}}],"collection":[{"href":"https:\/\/elterritorialweb.com.ar\/web\/wp-json\/wp\/v2\/posts"}],"about":[{"href":"https:\/\/elterritorialweb.com.ar\/web\/wp-json\/wp\/v2\/types\/post"}],"author":[{"embeddable":true,"href":"https:\/\/elterritorialweb.com.ar\/web\/wp-json\/wp\/v2\/users\/2"}],"replies":[{"embeddable":true,"href":"https:\/\/elterritorialweb.com.ar\/web\/wp-json\/wp\/v2\/comments?post=49877"}],"version-history":[{"count":4,"href":"https:\/\/elterritorialweb.com.ar\/web\/wp-json\/wp\/v2\/posts\/49877\/revisions"}],"predecessor-version":[{"id":49883,"href":"https:\/\/elterritorialweb.com.ar\/web\/wp-json\/wp\/v2\/posts\/49877\/revisions\/49883"}],"wp:featuredmedia":[{"embeddable":true,"href":"https:\/\/elterritorialweb.com.ar\/web\/wp-json\/wp\/v2\/media\/49878"}],"wp:attachment":[{"href":"https:\/\/elterritorialweb.com.ar\/web\/wp-json\/wp\/v2\/media?parent=49877"}],"wp:term":[{"taxonomy":"category","embeddable":true,"href":"https:\/\/elterritorialweb.com.ar\/web\/wp-json\/wp\/v2\/categories?post=49877"},{"taxonomy":"post_tag","embeddable":true,"href":"https:\/\/elterritorialweb.com.ar\/web\/wp-json\/wp\/v2\/tags?post=49877"}],"curies":[{"name":"wp","href":"https:\/\/api.w.org\/{rel}","templated":true}]}}