{"id":49890,"date":"2023-02-27T23:37:37","date_gmt":"2023-02-27T23:37:37","guid":{"rendered":"http:\/\/elterritorialweb.com.ar\/web\/?p=49890"},"modified":"2023-02-27T23:37:45","modified_gmt":"2023-02-27T23:37:45","slug":"nuevo-cronograma-de-fumigacion-en-la-banda","status":"publish","type":"post","link":"https:\/\/elterritorialweb.com.ar\/web\/nuevo-cronograma-de-fumigacion-en-la-banda\/","title":{"rendered":"NUEVO CRONOGRAMA DE FUMIGACI\u00d3N EN LA BANDA"},"content":{"rendered":"\n<p>Estas acciones son impulsadas desde la gesti\u00f3n del intendente Roger Nediani con el objetivo de complementar los trabajos de limpieza que refuerzan las actividades de las campa\u00f1as de lucha contra que el dengue previniendo la reproducci\u00f3n del vector transmisor de esta enfermedad.<br>Durante la jornada del lunes 27, los empleados trabajar\u00e1n en los barrios La Bajada, Ampliaci\u00f3n Polear, Ampliaci\u00f3n Primero de Mayo, Rubia Moreno, Salta Prolongaci\u00f3n.<br>El martes 28 fumigar\u00e1n en los barrios San Fernando, Para\u00edso, La Guarida, Militar.<br>El mi\u00e9rcoles 1 dicha tarea se desarrollar\u00e1 en los barrios Juan Per\u00f3n, Textil, Men\u00e9ndez, Agua y Energ\u00eda.<br>El jueves 2, continuar\u00e1n en los barrios Villa Rosita, 9 de julio, San Javier, Avenida, Tuscal.<br>Este cronograma semanal finalizar\u00e1 el viernes 3 en los barrios R\u00edo Dulce, Primero de Mayo, Cuarto Centenario.<br>Desde la secretar\u00eda, recuerdan a los vecinos tapar los dep\u00f3sitos de agua para evitar la reproducci\u00f3n de los mosquitos y de la misma manera, solicitaron colaboraci\u00f3n para el bienestar de todos mediante la limpieza de las viviendas, eliminar o voltear recipientes donde pueda acumularse agua y mantener el c\u00e9sped bajo.<\/p>\n\n\n\n<figure class=\"wp-block-image size-large\"><a href=\"https:\/\/i0.wp.com\/elterritorialweb.com.ar\/web\/wp-content\/uploads\/2023\/02\/WhatsApp-Image-2023-02-27-at-17.40.53.jpeg\"><img data-recalc-dims=\"1\" decoding=\"async\" width=\"640\" height=\"640\" data-src=\"https:\/\/i0.wp.com\/elterritorialweb.com.ar\/web\/wp-content\/uploads\/2023\/02\/WhatsApp-Image-2023-02-27-at-17.40.53.jpeg?resize=640%2C640\" alt=\"\" class=\"wp-image-49891 lazyload\" data-srcset=\"https:\/\/i0.wp.com\/elterritorialweb.com.ar\/web\/wp-content\/uploads\/2023\/02\/WhatsApp-Image-2023-02-27-at-17.40.53.jpeg?resize=1024%2C1024&amp;ssl=1 1024w, https:\/\/i0.wp.com\/elterritorialweb.com.ar\/web\/wp-content\/uploads\/2023\/02\/WhatsApp-Image-2023-02-27-at-17.40.53.jpeg?resize=300%2C300&amp;ssl=1 300w, https:\/\/i0.wp.com\/elterritorialweb.com.ar\/web\/wp-content\/uploads\/2023\/02\/WhatsApp-Image-2023-02-27-at-17.40.53.jpeg?resize=150%2C150&amp;ssl=1 150w, https:\/\/i0.wp.com\/elterritorialweb.com.ar\/web\/wp-content\/uploads\/2023\/02\/WhatsApp-Image-2023-02-27-at-17.40.53.jpeg?resize=768%2C768&amp;ssl=1 768w, https:\/\/i0.wp.com\/elterritorialweb.com.ar\/web\/wp-content\/uploads\/2023\/02\/WhatsApp-Image-2023-02-27-at-17.40.53.jpeg?w=1080&amp;ssl=1 1080w\" data-sizes=\"(max-width: 640px) 100vw, 640px\" src=\"data:image\/svg+xml;base64,PHN2ZyB3aWR0aD0iMSIgaGVpZ2h0PSIxIiB4bWxucz0iaHR0cDovL3d3dy53My5vcmcvMjAwMC9zdmciPjwvc3ZnPg==\" style=\"--smush-placeholder-width: 640px; --smush-placeholder-aspect-ratio: 640\/640;\" \/><\/a><\/figure>\n","protected":false},"excerpt":{"rendered":"<p>El personal de la Secretar\u00eda de Servicios P\u00fablicos de la Municipalidad de La Banda dio a conocer el cronograma de fumigaci\u00f3n correspondiente a la semana del lunes 27 al viernes 3 de marzo.<\/p>\n","protected":false},"author":2,"featured_media":29680,"comment_status":"open","ping_status":"open","sticky":false,"template":"","format":"standard","meta":{"om_disable_all_campaigns":false,"_monsterinsights_skip_tracking":false,"_monsterinsights_sitenote_active":false,"_monsterinsights_sitenote_note":"","_monsterinsights_sitenote_category":0,"_uf_show_specific_survey":0,"_uf_disable_surveys":false,"jetpack_post_was_ever_published":false,"_jetpack_newsletter_access":"","_jetpack_dont_email_post_to_subs":false,"_jetpack_newsletter_tier_id":0,"_jetpack_memberships_contains_paywalled_content":false,"_jetpack_memberships_contains_paid_content":false,"footnotes":"","jetpack_publicize_message":"","jetpack_publicize_feature_enabled":true,"jetpack_social_post_already_shared":true,"jetpack_social_options":{"image_generator_settings":{"template":"highway","default_image_id":0,"font":"","enabled":false},"version":2}},"categories":[9],"tags":[],"class_list":["post-49890","post","type-post","status-publish","format-standard","has-post-thumbnail","hentry","category-banda"],"aioseo_notices":[],"views":15,"jetpack_publicize_connections":[],"jetpack_featured_media_url":"https:\/\/i0.wp.com\/elterritorialweb.com.ar\/web\/wp-content\/uploads\/2021\/11\/LA-BANDA-FUMIGACION.jpeg?fit=820%2C859&ssl=1","jetpack_sharing_enabled":true,"_links":{"self":[{"href":"https:\/\/elterritorialweb.com.ar\/web\/wp-json\/wp\/v2\/posts\/49890","targetHints":{"allow":["GET"]}}],"collection":[{"href":"https:\/\/elterritorialweb.com.ar\/web\/wp-json\/wp\/v2\/posts"}],"about":[{"href":"https:\/\/elterritorialweb.com.ar\/web\/wp-json\/wp\/v2\/types\/post"}],"author":[{"embeddable":true,"href":"https:\/\/elterritorialweb.com.ar\/web\/wp-json\/wp\/v2\/users\/2"}],"replies":[{"embeddable":true,"href":"https:\/\/elterritorialweb.com.ar\/web\/wp-json\/wp\/v2\/comments?post=49890"}],"version-history":[{"count":1,"href":"https:\/\/elterritorialweb.com.ar\/web\/wp-json\/wp\/v2\/posts\/49890\/revisions"}],"predecessor-version":[{"id":49892,"href":"https:\/\/elterritorialweb.com.ar\/web\/wp-json\/wp\/v2\/posts\/49890\/revisions\/49892"}],"wp:featuredmedia":[{"embeddable":true,"href":"https:\/\/elterritorialweb.com.ar\/web\/wp-json\/wp\/v2\/media\/29680"}],"wp:attachment":[{"href":"https:\/\/elterritorialweb.com.ar\/web\/wp-json\/wp\/v2\/media?parent=49890"}],"wp:term":[{"taxonomy":"category","embeddable":true,"href":"https:\/\/elterritorialweb.com.ar\/web\/wp-json\/wp\/v2\/categories?post=49890"},{"taxonomy":"post_tag","embeddable":true,"href":"https:\/\/elterritorialweb.com.ar\/web\/wp-json\/wp\/v2\/tags?post=49890"}],"curies":[{"name":"wp","href":"https:\/\/api.w.org\/{rel}","templated":true}]}}