{"id":49909,"date":"2023-02-28T21:59:20","date_gmt":"2023-02-28T21:59:20","guid":{"rendered":"http:\/\/elterritorialweb.com.ar\/web\/?p=49909"},"modified":"2023-02-28T21:59:23","modified_gmt":"2023-02-28T21:59:23","slug":"la-diputada-larcher-presento-un-importante-proyecto-de-ley","status":"publish","type":"post","link":"https:\/\/elterritorialweb.com.ar\/web\/la-diputada-larcher-presento-un-importante-proyecto-de-ley\/","title":{"rendered":"LA DIPUTADA LARCHER PRESENT\u00d3 UN IMPORTANTE PROYECTO DE LEY"},"content":{"rendered":"\n<p>En la primera sesi\u00f3n ordinaria del a\u00f1o, tom\u00f3 estado parlamentario el proyecto de Ley de Capacitaci\u00f3n para la Prevenci\u00f3n y Detecci\u00f3n de la Violencia contra ni\u00f1os, ni\u00f1as y adolescentes. El mismo fue presentado por la diputada Ver\u00f3nica Larcher, del bloque del Frente Renovador y Progresista.<br>Esta ley tiene por objeto la prevenci\u00f3n y detecci\u00f3n temprana de situaciones de vulneraci\u00f3n de los derechos de los ni\u00f1os, ni\u00f1as y adolescentes, a trav\u00e9s de la capacitaci\u00f3n de los funcionarios y empleados p\u00fablicos, la actuaci\u00f3n coordinada de los organismos intervinientes y la difusi\u00f3n de los indicadores de violencia y medios de denuncia eficaces para la protecci\u00f3n.<br>Adem\u00e1s, establece campa\u00f1as de concientizaci\u00f3n y un protocolo de trabajo conjunto para las fuerzas de seguridad, instituciones educativas y de salud y dem\u00e1s organismos administrativos de ni\u00f1ez y autoridad judicial con competencia en familia. Esto \u00faltimo para que cualquier persona pueda denunciar un hecho de violencia contra un menor, manteniendo en reserva su identidad, ya que muchas veces son objetos de represalias por parte de los denunciados y\/o familiares, entre otros objetivos del presente proyecto de ley<br>\u201cEl caso del ni\u00f1o Lucio Dupuy me marc\u00f3 much\u00edsimo, como creo a toda la sociedad, y aunque a nivel nacional hay un proyecto de ley que cuenta con media sanci\u00f3n, creo que como representante del pueblo santiague\u00f1o, deb\u00eda hacer algo al respecto tambi\u00e9n en nuestra provincia\u201d, indic\u00f3 la diputada Larcher, autora del proyecto.<br>\u201cEl caso de Lucio no es aislado y si bien destaca por la violencia de los hechos, la omisi\u00f3n del Estado y la sociedad en la protecci\u00f3n de los derechos de los ni\u00f1os, ni\u00f1as y adolescentes ya se hab\u00eda manifestado antes en nuestra provincia y nos interpela como representantes del pueblo y como sociedad\u201d, remarc\u00f3.<br>Para finalizar, la legisladora remarc\u00f3: \u201cPresent\u00e9 este proyecto de ley en atenci\u00f3n a que les debemos una respuesta a todos los ni\u00f1os, ni\u00f1as y adolescentes que est\u00e1n viendo c\u00f3mo se vulneran sus derechos sin que el Estado haga nada al respecto\u201d.<\/p>\n","protected":false},"excerpt":{"rendered":"<p>Se trata de proyecto de ley de Capacitaci\u00f3n para la Prevenci\u00f3n y Detecci\u00f3n de la Violencia contra ni\u00f1os, ni\u00f1as y adolescentes<\/p>\n","protected":false},"author":2,"featured_media":49910,"comment_status":"open","ping_status":"open","sticky":false,"template":"","format":"standard","meta":{"om_disable_all_campaigns":false,"_monsterinsights_skip_tracking":false,"_monsterinsights_sitenote_active":false,"_monsterinsights_sitenote_note":"","_monsterinsights_sitenote_category":0,"_uf_show_specific_survey":0,"_uf_disable_surveys":false,"jetpack_post_was_ever_published":false,"_jetpack_newsletter_access":"","_jetpack_dont_email_post_to_subs":false,"_jetpack_newsletter_tier_id":0,"_jetpack_memberships_contains_paywalled_content":false,"_jetpack_memberships_contains_paid_content":false,"footnotes":"","jetpack_publicize_message":"","jetpack_publicize_feature_enabled":true,"jetpack_social_post_already_shared":true,"jetpack_social_options":{"image_generator_settings":{"template":"highway","default_image_id":0,"font":"","enabled":false},"version":2}},"categories":[18],"tags":[],"class_list":["post-49909","post","type-post","status-publish","format-standard","has-post-thumbnail","hentry","category-politica"],"aioseo_notices":[],"views":37,"jetpack_publicize_connections":[],"jetpack_featured_media_url":"https:\/\/i0.wp.com\/elterritorialweb.com.ar\/web\/wp-content\/uploads\/2023\/02\/WhatsApp-Image-2023-02-28-at-22.13.15.jpeg?fit=1200%2C1600&ssl=1","jetpack_sharing_enabled":true,"_links":{"self":[{"href":"https:\/\/elterritorialweb.com.ar\/web\/wp-json\/wp\/v2\/posts\/49909","targetHints":{"allow":["GET"]}}],"collection":[{"href":"https:\/\/elterritorialweb.com.ar\/web\/wp-json\/wp\/v2\/posts"}],"about":[{"href":"https:\/\/elterritorialweb.com.ar\/web\/wp-json\/wp\/v2\/types\/post"}],"author":[{"embeddable":true,"href":"https:\/\/elterritorialweb.com.ar\/web\/wp-json\/wp\/v2\/users\/2"}],"replies":[{"embeddable":true,"href":"https:\/\/elterritorialweb.com.ar\/web\/wp-json\/wp\/v2\/comments?post=49909"}],"version-history":[{"count":1,"href":"https:\/\/elterritorialweb.com.ar\/web\/wp-json\/wp\/v2\/posts\/49909\/revisions"}],"predecessor-version":[{"id":49911,"href":"https:\/\/elterritorialweb.com.ar\/web\/wp-json\/wp\/v2\/posts\/49909\/revisions\/49911"}],"wp:featuredmedia":[{"embeddable":true,"href":"https:\/\/elterritorialweb.com.ar\/web\/wp-json\/wp\/v2\/media\/49910"}],"wp:attachment":[{"href":"https:\/\/elterritorialweb.com.ar\/web\/wp-json\/wp\/v2\/media?parent=49909"}],"wp:term":[{"taxonomy":"category","embeddable":true,"href":"https:\/\/elterritorialweb.com.ar\/web\/wp-json\/wp\/v2\/categories?post=49909"},{"taxonomy":"post_tag","embeddable":true,"href":"https:\/\/elterritorialweb.com.ar\/web\/wp-json\/wp\/v2\/tags?post=49909"}],"curies":[{"name":"wp","href":"https:\/\/api.w.org\/{rel}","templated":true}]}}