{"id":49912,"date":"2023-02-28T23:22:52","date_gmt":"2023-02-28T23:22:52","guid":{"rendered":"http:\/\/elterritorialweb.com.ar\/web\/?p=49912"},"modified":"2023-02-28T23:22:54","modified_gmt":"2023-02-28T23:22:54","slug":"fernandez-convoco-a-que-no-se-altere-el-movimiento-y-el-sentido-politico-que-le-hemos-dado-a-la-argentina","status":"publish","type":"post","link":"https:\/\/elterritorialweb.com.ar\/web\/fernandez-convoco-a-que-no-se-altere-el-movimiento-y-el-sentido-politico-que-le-hemos-dado-a-la-argentina\/","title":{"rendered":"FERN\u00c1NDEZ CONVOC\u00d3 A QUE \u00abNO SE ALTERE EL MOVIMIENTO Y EL SENTIDO POL\u00cdTICO QUE LE HEMOS DADO A LA ARGENTINA\u00bb"},"content":{"rendered":"\n<p>\u201cEl Gobierno Nacional ha desarrollado un plan de obras p\u00fablicas \u00fanico en la Argentina: 5.800 obras llevamos iniciadas a lo largo y ancho en la Argentina, de las cuales ya terminamos 3000\u201d, dijo el jefe de Estado y afirm\u00f3 que de esta forma fue posible \u201cdemostrar que se pueden hacer obras p\u00fablicas en la Argentina sin beneficiar amigos, familiares y pensando en la gente\u201d.<\/p>\n\n\n\n<p>Es as\u00ed que convoc\u00f3 al \u201cpueblo argentino a que no desv\u00ede la senda\u201d y a que \u201cno se altere el movimiento y el sentido pol\u00edtico que le hemos dado a la Argentina\u201d.<\/p>\n\n\n\n<p>\u201cEstamos convencidos de que la obra p\u00fablica es un gran motor para que la econom\u00eda se mueva\u201d, expres\u00f3 el mandatario acompa\u00f1ado por el gobernador de la provincia de Buenos Aires, Axel Kicillof, el ministro de Obras P\u00fablicas, Gabriel Katopodis, la titular de Agua y Saneamientos Argentinos (AySA), Malena Galmarini, y el intendente de Mor\u00f3n, Lucas Ghi.<\/p>\n\n\n\n<figure class=\"wp-block-image size-large\"><a href=\"https:\/\/i0.wp.com\/elterritorialweb.com.ar\/web\/wp-content\/uploads\/2023\/02\/moron4.jpg\"><img data-recalc-dims=\"1\" decoding=\"async\" width=\"640\" height=\"426\" data-src=\"https:\/\/i0.wp.com\/elterritorialweb.com.ar\/web\/wp-content\/uploads\/2023\/02\/moron4.jpg?resize=640%2C426\" alt=\"\" class=\"wp-image-49915 lazyload\" data-srcset=\"https:\/\/i0.wp.com\/elterritorialweb.com.ar\/web\/wp-content\/uploads\/2023\/02\/moron4.jpg?resize=1024%2C682&amp;ssl=1 1024w, https:\/\/i0.wp.com\/elterritorialweb.com.ar\/web\/wp-content\/uploads\/2023\/02\/moron4.jpg?resize=300%2C200&amp;ssl=1 300w, https:\/\/i0.wp.com\/elterritorialweb.com.ar\/web\/wp-content\/uploads\/2023\/02\/moron4.jpg?resize=768%2C512&amp;ssl=1 768w, https:\/\/i0.wp.com\/elterritorialweb.com.ar\/web\/wp-content\/uploads\/2023\/02\/moron4.jpg?resize=1536%2C1024&amp;ssl=1 1536w, https:\/\/i0.wp.com\/elterritorialweb.com.ar\/web\/wp-content\/uploads\/2023\/02\/moron4.jpg?w=1940&amp;ssl=1 1940w, https:\/\/i0.wp.com\/elterritorialweb.com.ar\/web\/wp-content\/uploads\/2023\/02\/moron4.jpg?w=1280 1280w\" data-sizes=\"(max-width: 640px) 100vw, 640px\" src=\"data:image\/svg+xml;base64,PHN2ZyB3aWR0aD0iMSIgaGVpZ2h0PSIxIiB4bWxucz0iaHR0cDovL3d3dy53My5vcmcvMjAwMC9zdmciPjwvc3ZnPg==\" style=\"--smush-placeholder-width: 640px; --smush-placeholder-aspect-ratio: 640\/426;\" \/><\/a><\/figure>\n\n\n\n<p>\u201cMor\u00f3n est\u00e1 alcanzando la construcci\u00f3n del 100 por ciento de la red cloacal y estoy feliz que el 95 por ciento del agua potable ya est\u00e9 llegando a todo el municipio\u201d, remarc\u00f3 y pregunt\u00f3: \u201c\u00bfC\u00f3mo pensar que acceder al agua no es un Derecho Humano? \u00bfC\u00f3mo pensar en asegurar las condiciones de salud necesarias si no realizamos cloacas en cada una de las casas de la Argentina?\u201d.<\/p>\n\n\n\n<p>Adem\u00e1s, manifest\u00f3: \u201cLa Argentina tiene un enorme potencial y maravilloso futuro porque las condiciones del mundo nos abren las puertas a un formidable futuro. Lo \u00fanico que necesitamos es no cambiar el rumbo\u201d, y convoc\u00f3 a \u201creflexionar y darnos cuenta d\u00f3nde est\u00e1n los que se sirven de la pol\u00edtica y d\u00f3nde est\u00e1n los que usamos la polic\u00eda para servir a la gente\u201d.<\/p>\n\n\n\n<p>Por su parte, Kicillof afirm\u00f3 que \u201cllegar al 100 por ciento de la cobertura de la red cloacal en un distrito como Mor\u00f3n es un hecho absolutamente hist\u00f3rico, y lo hizo este gobierno, lo hicimos con mucha seriedad en un trabajo mancomunado\u00bb.<\/p>\n\n\n\n<figure class=\"wp-block-image size-large\"><a href=\"https:\/\/i0.wp.com\/elterritorialweb.com.ar\/web\/wp-content\/uploads\/2023\/02\/moron3.jpg\"><img data-recalc-dims=\"1\" decoding=\"async\" width=\"640\" height=\"427\" data-src=\"https:\/\/i0.wp.com\/elterritorialweb.com.ar\/web\/wp-content\/uploads\/2023\/02\/moron3.jpg?resize=640%2C427\" alt=\"\" class=\"wp-image-49914 lazyload\" data-srcset=\"https:\/\/i0.wp.com\/elterritorialweb.com.ar\/web\/wp-content\/uploads\/2023\/02\/moron3.jpg?resize=1024%2C683&amp;ssl=1 1024w, https:\/\/i0.wp.com\/elterritorialweb.com.ar\/web\/wp-content\/uploads\/2023\/02\/moron3.jpg?resize=300%2C200&amp;ssl=1 300w, https:\/\/i0.wp.com\/elterritorialweb.com.ar\/web\/wp-content\/uploads\/2023\/02\/moron3.jpg?resize=768%2C512&amp;ssl=1 768w, https:\/\/i0.wp.com\/elterritorialweb.com.ar\/web\/wp-content\/uploads\/2023\/02\/moron3.jpg?resize=1536%2C1025&amp;ssl=1 1536w, https:\/\/i0.wp.com\/elterritorialweb.com.ar\/web\/wp-content\/uploads\/2023\/02\/moron3.jpg?w=1940&amp;ssl=1 1940w, https:\/\/i0.wp.com\/elterritorialweb.com.ar\/web\/wp-content\/uploads\/2023\/02\/moron3.jpg?w=1280 1280w\" data-sizes=\"(max-width: 640px) 100vw, 640px\" src=\"data:image\/svg+xml;base64,PHN2ZyB3aWR0aD0iMSIgaGVpZ2h0PSIxIiB4bWxucz0iaHR0cDovL3d3dy53My5vcmcvMjAwMC9zdmciPjwvc3ZnPg==\" style=\"--smush-placeholder-width: 640px; --smush-placeholder-aspect-ratio: 640\/427;\" \/><\/a><\/figure>\n\n\n\n<p>Asimismo, Galmarini, asegur\u00f3 que \u201cen este gobierno el agua potable y las cloacas se convirtieron en una pol\u00edtica de Estado, y esto quiere decir que si seguimos invirtiendo como hasta ahora, en los pr\u00f3ximos cuatro a\u00f1os vamos a llegar al 2030 con el objetivo N\u00b06 de los ODS cumplidos, que quiere decir que todos tengamos agua y cloacas\u201d.<\/p>\n\n\n\n<p>Adem\u00e1s, Ghi manifest\u00f3 que \u201clos vecinos y vecinas de Mor\u00f3n estamos dando un paso trascendental\u201d y que es el resultado de \u201cmucho esfuerzo y mucha inversi\u00f3n\u201d de \u201cun Estado nacional, provincial y municipal que asumi\u00f3 la responsabilidad y se puso al frente de la tarea para construir una ciudad mejor\u201d.<\/p>\n\n\n\n<p>Del acto de inauguraci\u00f3n del nuevo Colector Cloacal Mor\u00f3n Sur y las nuevas redes secundarias participaron tambi\u00e9n el ministro de Econom\u00eda, Sergio Massa; el secretario general de la Presidencia, Julio Vitobello; el titular de ACUMAR, Mart\u00edn Sabbatella; el titular de la cartera de Infraestructura y Servicios P\u00fablicos bonaerense, Leonardo Nardini, y el presidente de Trenes Argentinos, Martin Marinucci.<\/p>\n","protected":false},"excerpt":{"rendered":"<p>El presidente Alberto Fern\u00e1ndez convoc\u00f3 a que \u201cno se altere el movimiento y el sentido pol\u00edtico que le hemos dado a la Argentina\u201d al inaugurar el nuevo Colector Cloacal Mor\u00f3n Sur y las redes secundarias que permitir\u00e1n que la cobertura de desag\u00fces cloacales llegue al 100 por ciento de la poblaci\u00f3n de ese municipio bonaerense.<\/p>\n","protected":false},"author":2,"featured_media":49913,"comment_status":"open","ping_status":"open","sticky":false,"template":"","format":"standard","meta":{"om_disable_all_campaigns":false,"_monsterinsights_skip_tracking":false,"_monsterinsights_sitenote_active":false,"_monsterinsights_sitenote_note":"","_monsterinsights_sitenote_category":0,"_uf_show_specific_survey":0,"_uf_disable_surveys":false,"jetpack_post_was_ever_published":false,"_jetpack_newsletter_access":"","_jetpack_dont_email_post_to_subs":false,"_jetpack_newsletter_tier_id":0,"_jetpack_memberships_contains_paywalled_content":false,"_jetpack_memberships_contains_paid_content":false,"footnotes":"","jetpack_publicize_message":"","jetpack_publicize_feature_enabled":true,"jetpack_social_post_already_shared":true,"jetpack_social_options":{"image_generator_settings":{"template":"highway","default_image_id":0,"font":"","enabled":false},"version":2}},"categories":[4,18],"tags":[],"class_list":["post-49912","post","type-post","status-publish","format-standard","has-post-thumbnail","hentry","category-destacadas","category-politica"],"aioseo_notices":[],"views":15,"jetpack_publicize_connections":[],"jetpack_featured_media_url":"https:\/\/i0.wp.com\/elterritorialweb.com.ar\/web\/wp-content\/uploads\/2023\/02\/moron1.jpg?fit=1940%2C1293&ssl=1","jetpack_sharing_enabled":true,"_links":{"self":[{"href":"https:\/\/elterritorialweb.com.ar\/web\/wp-json\/wp\/v2\/posts\/49912","targetHints":{"allow":["GET"]}}],"collection":[{"href":"https:\/\/elterritorialweb.com.ar\/web\/wp-json\/wp\/v2\/posts"}],"about":[{"href":"https:\/\/elterritorialweb.com.ar\/web\/wp-json\/wp\/v2\/types\/post"}],"author":[{"embeddable":true,"href":"https:\/\/elterritorialweb.com.ar\/web\/wp-json\/wp\/v2\/users\/2"}],"replies":[{"embeddable":true,"href":"https:\/\/elterritorialweb.com.ar\/web\/wp-json\/wp\/v2\/comments?post=49912"}],"version-history":[{"count":1,"href":"https:\/\/elterritorialweb.com.ar\/web\/wp-json\/wp\/v2\/posts\/49912\/revisions"}],"predecessor-version":[{"id":49916,"href":"https:\/\/elterritorialweb.com.ar\/web\/wp-json\/wp\/v2\/posts\/49912\/revisions\/49916"}],"wp:featuredmedia":[{"embeddable":true,"href":"https:\/\/elterritorialweb.com.ar\/web\/wp-json\/wp\/v2\/media\/49913"}],"wp:attachment":[{"href":"https:\/\/elterritorialweb.com.ar\/web\/wp-json\/wp\/v2\/media?parent=49912"}],"wp:term":[{"taxonomy":"category","embeddable":true,"href":"https:\/\/elterritorialweb.com.ar\/web\/wp-json\/wp\/v2\/categories?post=49912"},{"taxonomy":"post_tag","embeddable":true,"href":"https:\/\/elterritorialweb.com.ar\/web\/wp-json\/wp\/v2\/tags?post=49912"}],"curies":[{"name":"wp","href":"https:\/\/api.w.org\/{rel}","templated":true}]}}