{"id":49919,"date":"2023-03-01T04:52:25","date_gmt":"2023-03-01T04:52:25","guid":{"rendered":"http:\/\/elterritorialweb.com.ar\/web\/?p=49919"},"modified":"2023-03-01T04:54:24","modified_gmt":"2023-03-01T04:54:24","slug":"trasladan-desde-tucuman-a-un-bebe-con-una-cardiopatia-severa","status":"publish","type":"post","link":"https:\/\/elterritorialweb.com.ar\/web\/trasladan-desde-tucuman-a-un-bebe-con-una-cardiopatia-severa\/","title":{"rendered":"TRASLADAN DESDE TUCUM\u00c1N A UN BEBE CON UNA CARDIOPAT\u00cdA SEVERA"},"content":{"rendered":"\n<p>En una acci\u00f3n conjunta entre el Centro Provincial de Salud Infantil (Cepsi); el Servicio de Emergencias y Accidentolog\u00eda de Santiago del Estero (Sease) y Aviaci\u00f3n Civil, se realiz\u00f3 este martes un importante operativo para el traslado de un beb\u00e9 de dos meses que padece una cardiopat\u00eda cong\u00e9nita compleja, que luego de ser atendido en Tucum\u00e1n retorn\u00f3 a la provincia.<br>Luis Carrizo, coordinador del \u00e1rea de Emergencias del Cepsi y m\u00e9dico aeroevacuador pedi\u00e1trico, detall\u00f3 que se dispuso un amplio operativo en la provincia para trasladar al beb\u00e9, que se encontraba en la Unidad Cardiovascular del Hospital Sant\u00edsima Trinidad acompa\u00f1ado por su madre para ser intervenido, pero debido a que no est\u00e1n dadas las condiciones anat\u00f3micas tuvo que retornar a su lugar de origen.<\/p>\n\n\n\n<figure class=\"wp-block-image size-large\"><a href=\"https:\/\/i0.wp.com\/elterritorialweb.com.ar\/web\/wp-content\/uploads\/2023\/03\/IMG-20230228-WA0036.jpg\"><img data-recalc-dims=\"1\" decoding=\"async\" width=\"640\" height=\"426\" data-src=\"https:\/\/i0.wp.com\/elterritorialweb.com.ar\/web\/wp-content\/uploads\/2023\/03\/IMG-20230228-WA0036.jpg?resize=640%2C426\" alt=\"\" class=\"wp-image-49921 lazyload\" data-srcset=\"https:\/\/i0.wp.com\/elterritorialweb.com.ar\/web\/wp-content\/uploads\/2023\/03\/IMG-20230228-WA0036.jpg?resize=1024%2C682&amp;ssl=1 1024w, https:\/\/i0.wp.com\/elterritorialweb.com.ar\/web\/wp-content\/uploads\/2023\/03\/IMG-20230228-WA0036.jpg?resize=300%2C200&amp;ssl=1 300w, https:\/\/i0.wp.com\/elterritorialweb.com.ar\/web\/wp-content\/uploads\/2023\/03\/IMG-20230228-WA0036.jpg?resize=768%2C512&amp;ssl=1 768w, https:\/\/i0.wp.com\/elterritorialweb.com.ar\/web\/wp-content\/uploads\/2023\/03\/IMG-20230228-WA0036.jpg?w=1280&amp;ssl=1 1280w\" data-sizes=\"(max-width: 640px) 100vw, 640px\" src=\"data:image\/svg+xml;base64,PHN2ZyB3aWR0aD0iMSIgaGVpZ2h0PSIxIiB4bWxucz0iaHR0cDovL3d3dy53My5vcmcvMjAwMC9zdmciPjwvc3ZnPg==\" style=\"--smush-placeholder-width: 640px; --smush-placeholder-aspect-ratio: 640\/426;\" \/><\/a><\/figure>\n\n\n\n<p>\u00abEl beb\u00e9 tiene que crecer y por eso permanecer\u00e1 internado en el Cepsi donde se le ir\u00e1n haciendo evaluaciones necesarias hasta que pueda ser intervenido\u00bb, sostuvo.<br>Adem\u00e1s, Carrizo dijo: \u00abQuiero destacar que esta acci\u00f3n se pudo realizar porque la provincia cuenta con los recursos y el trabajo mancomunado del Sease, Aviaci\u00f3n Civil y el Cepsi que siempre trabaja para preservar la salud de los peque\u00f1os\u00bb.<\/p>\n","protected":false},"excerpt":{"rendered":"<p>Se realiz\u00f3 un amplio operativo para trasladar desde Tucum\u00e1n a un beb\u00e9 con una cardiopat\u00eda severa.<\/p>\n","protected":false},"author":2,"featured_media":49920,"comment_status":"open","ping_status":"open","sticky":false,"template":"","format":"standard","meta":{"om_disable_all_campaigns":false,"_monsterinsights_skip_tracking":false,"_monsterinsights_sitenote_active":false,"_monsterinsights_sitenote_note":"","_monsterinsights_sitenote_category":0,"_uf_show_specific_survey":0,"_uf_disable_surveys":false,"jetpack_post_was_ever_published":false,"_jetpack_newsletter_access":"","_jetpack_dont_email_post_to_subs":false,"_jetpack_newsletter_tier_id":0,"_jetpack_memberships_contains_paywalled_content":false,"_jetpack_memberships_contains_paid_content":false,"footnotes":"","jetpack_publicize_message":"","jetpack_publicize_feature_enabled":true,"jetpack_social_post_already_shared":true,"jetpack_social_options":{"image_generator_settings":{"template":"highway","default_image_id":0,"font":"","enabled":false},"version":2}},"categories":[4,21],"tags":[],"class_list":["post-49919","post","type-post","status-publish","format-standard","has-post-thumbnail","hentry","category-destacadas","category-locales"],"aioseo_notices":[],"views":18,"jetpack_publicize_connections":[],"jetpack_featured_media_url":"https:\/\/i0.wp.com\/elterritorialweb.com.ar\/web\/wp-content\/uploads\/2023\/03\/IMG-20230228-WA0039.jpg?fit=1280%2C853&ssl=1","jetpack_sharing_enabled":true,"_links":{"self":[{"href":"https:\/\/elterritorialweb.com.ar\/web\/wp-json\/wp\/v2\/posts\/49919","targetHints":{"allow":["GET"]}}],"collection":[{"href":"https:\/\/elterritorialweb.com.ar\/web\/wp-json\/wp\/v2\/posts"}],"about":[{"href":"https:\/\/elterritorialweb.com.ar\/web\/wp-json\/wp\/v2\/types\/post"}],"author":[{"embeddable":true,"href":"https:\/\/elterritorialweb.com.ar\/web\/wp-json\/wp\/v2\/users\/2"}],"replies":[{"embeddable":true,"href":"https:\/\/elterritorialweb.com.ar\/web\/wp-json\/wp\/v2\/comments?post=49919"}],"version-history":[{"count":1,"href":"https:\/\/elterritorialweb.com.ar\/web\/wp-json\/wp\/v2\/posts\/49919\/revisions"}],"predecessor-version":[{"id":49922,"href":"https:\/\/elterritorialweb.com.ar\/web\/wp-json\/wp\/v2\/posts\/49919\/revisions\/49922"}],"wp:featuredmedia":[{"embeddable":true,"href":"https:\/\/elterritorialweb.com.ar\/web\/wp-json\/wp\/v2\/media\/49920"}],"wp:attachment":[{"href":"https:\/\/elterritorialweb.com.ar\/web\/wp-json\/wp\/v2\/media?parent=49919"}],"wp:term":[{"taxonomy":"category","embeddable":true,"href":"https:\/\/elterritorialweb.com.ar\/web\/wp-json\/wp\/v2\/categories?post=49919"},{"taxonomy":"post_tag","embeddable":true,"href":"https:\/\/elterritorialweb.com.ar\/web\/wp-json\/wp\/v2\/tags?post=49919"}],"curies":[{"name":"wp","href":"https:\/\/api.w.org\/{rel}","templated":true}]}}