{"id":49924,"date":"2023-03-01T10:54:53","date_gmt":"2023-03-01T10:54:53","guid":{"rendered":"http:\/\/elterritorialweb.com.ar\/web\/?p=49924"},"modified":"2023-03-01T10:54:56","modified_gmt":"2023-03-01T10:54:56","slug":"fuentes-recibio-a-funcionarios-nacionales-del-ministerio-de-ambiente","status":"publish","type":"post","link":"https:\/\/elterritorialweb.com.ar\/web\/fuentes-recibio-a-funcionarios-nacionales-del-ministerio-de-ambiente\/","title":{"rendered":"FUENTES RECIBI\u00d3 A FUNCIONARIOS NACIONALES DEL MINISTERIO DE AMBIENTE"},"content":{"rendered":"\n<p><\/p>\n\n\n\n<p>La intendente Ing. Norma Fuentes recibi\u00f3 a funcionarios nacionales para dialogar sobre el avance de los tr\u00e1mites para la construcci\u00f3n de la Planta de Tratamiento de Residuos S\u00f3lidos Urbanos.<br>Se trata del Arq. Carlos Silva, asesor del vice Ministro de Ambiente y Desarrollo Sostenible de la Naci\u00f3n, Lic. Sergio Federovisky y a Paula Gonzalez, analista t\u00e9cnica de la cartera ambiental.<br>Durante la ma\u00f1ana del mi\u00e9rcoles est\u00e1 prevista la visita al Centro Ambiental municipal ubicado en Pampa Muyoj, junto a representantes de las empresas que han adquirido los pliegos para la construcci\u00f3n de la moderna planta. Posteriormente, se trasladar\u00e1n al sitio en el que el municipio de La Banda realiza la disposici\u00f3n final de los residuos domiciliarios de esa ciudad.<br>El proyecto contempla el dise\u00f1o, construcci\u00f3n y operaci\u00f3n de una planta que contar\u00e1 con la capacidad operativa para la separaci\u00f3n, reciclado y disposici\u00f3n final de los residuos no s\u00f3lo de la poblaci\u00f3n actual del municipio sino de la que se generen en los pr\u00f3ximos veinte a\u00f1os; tomando en cuenta el aumento proyectado de los vecinos de la Capital. En la vecina ciudad, se construir\u00e1 una planta de separaci\u00f3n y transferencia, por lo que se dar\u00e1 soluci\u00f3n a la disposici\u00f3n final de residuos s\u00f3lidos del mayor conglomerado urbano de la provincia.<br>Asimismo los funcionarios le transmitieron a la Ing. Fuentes la intenci\u00f3n del Banco Interamericano de Desarrollo de organizar un taller internacional en la ciudad el pr\u00f3ximo mes de junio sobre la gesti\u00f3n integral de residuos s\u00f3lidos urbanos.<\/p>\n","protected":false},"excerpt":{"rendered":"<p>El encuentro se realiz\u00f3 en el sal\u00f3n de Acuerdos de la Municipalidad de la Capital.<\/p>\n","protected":false},"author":2,"featured_media":49925,"comment_status":"open","ping_status":"open","sticky":false,"template":"","format":"standard","meta":{"om_disable_all_campaigns":false,"_monsterinsights_skip_tracking":false,"_monsterinsights_sitenote_active":false,"_monsterinsights_sitenote_note":"","_monsterinsights_sitenote_category":0,"_uf_show_specific_survey":0,"_uf_disable_surveys":false,"jetpack_post_was_ever_published":false,"_jetpack_newsletter_access":"","_jetpack_dont_email_post_to_subs":false,"_jetpack_newsletter_tier_id":0,"_jetpack_memberships_contains_paywalled_content":false,"_jetpack_memberships_contains_paid_content":false,"footnotes":"","jetpack_publicize_message":"","jetpack_publicize_feature_enabled":true,"jetpack_social_post_already_shared":true,"jetpack_social_options":{"image_generator_settings":{"template":"highway","default_image_id":0,"font":"","enabled":false},"version":2}},"categories":[21],"tags":[],"class_list":["post-49924","post","type-post","status-publish","format-standard","has-post-thumbnail","hentry","category-locales"],"aioseo_notices":[],"views":18,"jetpack_publicize_connections":[],"jetpack_featured_media_url":"https:\/\/i0.wp.com\/elterritorialweb.com.ar\/web\/wp-content\/uploads\/2023\/03\/reunion-funcionarios-nac.jpeg?fit=1600%2C1003&ssl=1","jetpack_sharing_enabled":true,"_links":{"self":[{"href":"https:\/\/elterritorialweb.com.ar\/web\/wp-json\/wp\/v2\/posts\/49924","targetHints":{"allow":["GET"]}}],"collection":[{"href":"https:\/\/elterritorialweb.com.ar\/web\/wp-json\/wp\/v2\/posts"}],"about":[{"href":"https:\/\/elterritorialweb.com.ar\/web\/wp-json\/wp\/v2\/types\/post"}],"author":[{"embeddable":true,"href":"https:\/\/elterritorialweb.com.ar\/web\/wp-json\/wp\/v2\/users\/2"}],"replies":[{"embeddable":true,"href":"https:\/\/elterritorialweb.com.ar\/web\/wp-json\/wp\/v2\/comments?post=49924"}],"version-history":[{"count":1,"href":"https:\/\/elterritorialweb.com.ar\/web\/wp-json\/wp\/v2\/posts\/49924\/revisions"}],"predecessor-version":[{"id":49926,"href":"https:\/\/elterritorialweb.com.ar\/web\/wp-json\/wp\/v2\/posts\/49924\/revisions\/49926"}],"wp:featuredmedia":[{"embeddable":true,"href":"https:\/\/elterritorialweb.com.ar\/web\/wp-json\/wp\/v2\/media\/49925"}],"wp:attachment":[{"href":"https:\/\/elterritorialweb.com.ar\/web\/wp-json\/wp\/v2\/media?parent=49924"}],"wp:term":[{"taxonomy":"category","embeddable":true,"href":"https:\/\/elterritorialweb.com.ar\/web\/wp-json\/wp\/v2\/categories?post=49924"},{"taxonomy":"post_tag","embeddable":true,"href":"https:\/\/elterritorialweb.com.ar\/web\/wp-json\/wp\/v2\/tags?post=49924"}],"curies":[{"name":"wp","href":"https:\/\/api.w.org\/{rel}","templated":true}]}}