{"id":49936,"date":"2023-03-01T15:17:58","date_gmt":"2023-03-01T15:17:58","guid":{"rendered":"http:\/\/elterritorialweb.com.ar\/web\/?p=49936"},"modified":"2023-03-01T15:18:01","modified_gmt":"2023-03-01T15:18:01","slug":"natalia-neme-y-perez-carletti-empezamos-un-ano-lleno-de-desafios","status":"publish","type":"post","link":"https:\/\/elterritorialweb.com.ar\/web\/natalia-neme-y-perez-carletti-empezamos-un-ano-lleno-de-desafios\/","title":{"rendered":"NATALIA NEME Y PEREZ CARLETTI: \u00abEMPEZAMOS UN A\u00d1O LLENO DE DESAFIOS\u00bb"},"content":{"rendered":"\n<p>Natalia Neme (UCR), Facundo P\u00e9rez Carletti (PRO), adem\u00e1s de diputados y concejales, mantuvieron una reuni\u00f3n de equipo para analizar la continuidad de la estrategia electoral de cara a las elecciones en un a\u00f1o bisagra para el pa\u00eds.<\/p>\n\n\n\n<p>Durante el encuentro mantenido, los dirigentes destacaron los resultados de las \u00faltimas elecciones municipales, en las que Juntos por el Cambio creci\u00f3 un 50% en cantidad de votos y en mantener e incrementar este porcentaje.<\/p>\n\n\n\n<p>En esa l\u00ednea, hablaron sobre la importancia de seguir fortaleciendo el espacio a nivel local y provincial, trabajando en conjunto, buscando la unidad del bloque e invitando a quienes quieran sumarse a un cambio en Santiago del Estero.<\/p>\n\n\n\n<figure class=\"wp-block-image size-large\"><a href=\"https:\/\/i0.wp.com\/elterritorialweb.com.ar\/web\/wp-content\/uploads\/2023\/03\/WhatsApp-Image-2023-03-01-at-15.55.11-e1677683815675.jpeg\"><img data-recalc-dims=\"1\" decoding=\"async\" width=\"640\" height=\"853\" data-src=\"https:\/\/i0.wp.com\/elterritorialweb.com.ar\/web\/wp-content\/uploads\/2023\/03\/WhatsApp-Image-2023-03-01-at-15.55.11.jpeg?resize=640%2C853\" alt=\"\" class=\"wp-image-49937 lazyload\" src=\"data:image\/svg+xml;base64,PHN2ZyB3aWR0aD0iMSIgaGVpZ2h0PSIxIiB4bWxucz0iaHR0cDovL3d3dy53My5vcmcvMjAwMC9zdmciPjwvc3ZnPg==\" style=\"--smush-placeholder-width: 640px; --smush-placeholder-aspect-ratio: 640\/853;\" \/><\/a><\/figure>\n\n\n\n<p>\u201cEste 2023 hay elecciones que marcaran rumbos decisivos para nuestro pa\u00eds. Con Facundo, formamos parte de diferentes partidos pol\u00edticos, pero tenemos un sue\u00f1o en com\u00fan: transformar nuestra provincia en un lugar m\u00e1s justo, moderno y lleno de oportunidades para todos. As\u00ed trabajamos todos los d\u00edas, con di\u00e1logo, consenso y una voluntad inquebrantable de hacer las cosas bien\u201d. Afirm\u00f3 Neme.<\/p>\n\n\n\n<p>A su turno, P\u00e9rez Carletti sostuvo: \u00bb Vamos a trabajar para que la terminalidad de la educaci\u00f3n de forma virtual sea una realidad, y a poner \u00e9nfasis en el pedido de acceso a la informacion. Por primera vez siento que el santiague\u00f1o se est\u00e1 convenciendo que se puede lograr un cambio en la provincia, que no es imposible\u00bb.<\/p>\n\n\n\n<p>Finalmente, tanto Neme como Perez Carletti, junto a todos los referentes que conforman el bloque de JXC sentenciaron: \u201cEmpezamos un a\u00f1o lleno de desaf\u00edos. Vamos a trabajar para un Juntos por el Cambio unido, con el firme objetivo de que el cambio llegue este 2023 al pa\u00eds y luego a nuestra provincia\u201d.<\/p>\n","protected":false},"excerpt":{"rendered":"<p>Este 1 de marzo, los referentes de Juntos por el Cambio de Santiago del Estero, tendr\u00e1n una reuni\u00f3n cumbre.<\/p>\n","protected":false},"author":2,"featured_media":49938,"comment_status":"open","ping_status":"open","sticky":false,"template":"","format":"standard","meta":{"om_disable_all_campaigns":false,"_monsterinsights_skip_tracking":false,"_monsterinsights_sitenote_active":false,"_monsterinsights_sitenote_note":"","_monsterinsights_sitenote_category":0,"_uf_show_specific_survey":0,"_uf_disable_surveys":false,"jetpack_post_was_ever_published":false,"_jetpack_newsletter_access":"","_jetpack_dont_email_post_to_subs":false,"_jetpack_newsletter_tier_id":0,"_jetpack_memberships_contains_paywalled_content":false,"_jetpack_memberships_contains_paid_content":false,"footnotes":"","jetpack_publicize_message":"","jetpack_publicize_feature_enabled":true,"jetpack_social_post_already_shared":true,"jetpack_social_options":{"image_generator_settings":{"template":"highway","default_image_id":0,"font":"","enabled":false},"version":2}},"categories":[18],"tags":[],"class_list":["post-49936","post","type-post","status-publish","format-standard","has-post-thumbnail","hentry","category-politica"],"aioseo_notices":[],"views":41,"jetpack_publicize_connections":[],"jetpack_featured_media_url":"https:\/\/i0.wp.com\/elterritorialweb.com.ar\/web\/wp-content\/uploads\/2023\/03\/WhatsApp-Image-2023-03-01-at-15.55.12-e1677683836508.jpeg?fit=768%2C632&ssl=1","jetpack_sharing_enabled":true,"_links":{"self":[{"href":"https:\/\/elterritorialweb.com.ar\/web\/wp-json\/wp\/v2\/posts\/49936","targetHints":{"allow":["GET"]}}],"collection":[{"href":"https:\/\/elterritorialweb.com.ar\/web\/wp-json\/wp\/v2\/posts"}],"about":[{"href":"https:\/\/elterritorialweb.com.ar\/web\/wp-json\/wp\/v2\/types\/post"}],"author":[{"embeddable":true,"href":"https:\/\/elterritorialweb.com.ar\/web\/wp-json\/wp\/v2\/users\/2"}],"replies":[{"embeddable":true,"href":"https:\/\/elterritorialweb.com.ar\/web\/wp-json\/wp\/v2\/comments?post=49936"}],"version-history":[{"count":1,"href":"https:\/\/elterritorialweb.com.ar\/web\/wp-json\/wp\/v2\/posts\/49936\/revisions"}],"predecessor-version":[{"id":49939,"href":"https:\/\/elterritorialweb.com.ar\/web\/wp-json\/wp\/v2\/posts\/49936\/revisions\/49939"}],"wp:featuredmedia":[{"embeddable":true,"href":"https:\/\/elterritorialweb.com.ar\/web\/wp-json\/wp\/v2\/media\/49938"}],"wp:attachment":[{"href":"https:\/\/elterritorialweb.com.ar\/web\/wp-json\/wp\/v2\/media?parent=49936"}],"wp:term":[{"taxonomy":"category","embeddable":true,"href":"https:\/\/elterritorialweb.com.ar\/web\/wp-json\/wp\/v2\/categories?post=49936"},{"taxonomy":"post_tag","embeddable":true,"href":"https:\/\/elterritorialweb.com.ar\/web\/wp-json\/wp\/v2\/tags?post=49936"}],"curies":[{"name":"wp","href":"https:\/\/api.w.org\/{rel}","templated":true}]}}