{"id":49940,"date":"2023-03-01T15:37:44","date_gmt":"2023-03-01T15:37:44","guid":{"rendered":"http:\/\/elterritorialweb.com.ar\/web\/?p=49940"},"modified":"2023-03-01T15:37:49","modified_gmt":"2023-03-01T15:37:49","slug":"apertura-de-las-sesiones-ordinarias-como-fue-el-reecuentro-de-alberto-fernandez-con-cristina-kirchner","status":"publish","type":"post","link":"https:\/\/elterritorialweb.com.ar\/web\/apertura-de-las-sesiones-ordinarias-como-fue-el-reecuentro-de-alberto-fernandez-con-cristina-kirchner\/","title":{"rendered":"APERTURA DE LAS SESIONES ORDINARIAS: COMO FUE EL REECUENTRO DE ALBERTO FERN\u00c1NDEZ CON CRISTINA KIRCHNER"},"content":{"rendered":"\n<p>La vicepresidenta de la Naci\u00f3n,\u00a0<strong>Cristina Fern\u00e1ndez<\/strong>, se reencontr\u00f3 con\u00a0Alberto Fern\u00e1ndez en la previa al discurso por la inauguraci\u00f3n\u00a0<strong>del 141\u00b0 per\u00edodo de sesiones ordinarias del Congreso de la Naci\u00f3n<\/strong>.<\/p>\n\n\n\n<p>Como indica el protocolo, la presidenta de la C\u00e1mara de Senadores recibi\u00f3 al primer mandatario en la explanada del Palacio Legislativo para luego pasar al Sal\u00f3n Azul donde se procede a la firma del Libro de Honor. En el mismo, tambi\u00e9n cont\u00f3 con la participaci\u00f3n de la presidenta de la C\u00e1mara de Diputados, Cecilia Moreau.<\/p>\n\n\n\n<p>Durante la apertura de la asamblea legislativa en el Congreso, Fern\u00e1ndez habl\u00f3 sobre el&nbsp;<strong><a href=\"https:\/\/www.c5n.com\/politica\/intentaron-asesinar-cristina-kirchner-n25038\" target=\"_blank\" rel=\"noreferrer noopener\">atentado contra Cristina Kirchner&nbsp;<\/a><\/strong>y lo describi\u00f3 como \u00abuno de los episodios m\u00e1s desgraciados\u00bb de los \u00faltimos meses.<\/p>\n\n\n\n<p>En la misma l\u00ednea, con fuerza reclam\u00f3:&nbsp;<strong>\u00abVuelvo a exigir a la Justicia que profundice la investigaci\u00f3n.<\/strong>&nbsp;Pedimos que juzgue y condene a los autores materiales e intelectuales del intento de homicidio\u00bb.<\/p>\n\n\n\n<p>En medio de una fuerte ovaci\u00f3n por parte de gran mayor\u00eda del recinto, tambi\u00e9n pidi\u00f3 \u00abque la justicia act\u00fae con la misma premura con la que<strong>\u00a0archiva causas en las que jueces, fiscales o empresarios poderosos asoman como imputados\u00bb.<\/strong><\/p>\n\n\n\n<figure class=\"wp-block-embed is-type-rich is-provider-twitter wp-block-embed-twitter\"><div class=\"wp-block-embed__wrapper\">\n<div class=\"embed-twitter\"><blockquote class=\"twitter-tweet\" data-width=\"550\" data-dnt=\"true\"><p lang=\"es\" dir=\"ltr\">\u2b55\ufe0f<a href=\"https:\/\/twitter.com\/hashtag\/AHORA?src=hash&amp;ref_src=twsrc%5Etfw\">#AHORA<\/a> <br>\ud83c\udde6\ud83c\uddf7Apertura de Sesiones Ordinarias 2023: <a href=\"https:\/\/twitter.com\/alferdez?ref_src=twsrc%5Etfw\">@alferdez<\/a> y <a href=\"https:\/\/twitter.com\/CFKArgentina?ref_src=twsrc%5Etfw\">@CFKArgentina<\/a> firman el Libro de Honor en el Congreso de la Naci\u00f3n<br><br>\ud83d\udcf2 Segu\u00ed la transmisi\u00f3n EN VIVO por \ud83d\udc49  <a href=\"https:\/\/t.co\/9fxDe5JViU\">https:\/\/t.co\/9fxDe5JViU<\/a> <a href=\"https:\/\/t.co\/A7F6ny2FIt\">pic.twitter.com\/A7F6ny2FIt<\/a><\/p>&mdash; C5N (@C5N) <a href=\"https:\/\/twitter.com\/C5N\/status\/1630941357077397507?ref_src=twsrc%5Etfw\">March 1, 2023<\/a><\/blockquote><script async src=\"https:\/\/platform.twitter.com\/widgets.js\" charset=\"utf-8\"><\/script><\/div>\n<\/div><\/figure>\n","protected":false},"excerpt":{"rendered":"<p>La vicepresidenta recibi\u00f3 al primer mandatario en el Congreso de la Naci\u00f3n en la previa al discurso ante la Asamblea Legislativa. Tambi\u00e9n particip\u00f3 la presidenta de la C\u00e1mara de Diputados, Cecilia Moreau.<\/p>\n","protected":false},"author":2,"featured_media":49941,"comment_status":"open","ping_status":"open","sticky":false,"template":"","format":"standard","meta":{"om_disable_all_campaigns":false,"_monsterinsights_skip_tracking":false,"_monsterinsights_sitenote_active":false,"_monsterinsights_sitenote_note":"","_monsterinsights_sitenote_category":0,"_uf_show_specific_survey":0,"_uf_disable_surveys":false,"jetpack_post_was_ever_published":false,"_jetpack_newsletter_access":"","_jetpack_dont_email_post_to_subs":false,"_jetpack_newsletter_tier_id":0,"_jetpack_memberships_contains_paywalled_content":false,"_jetpack_memberships_contains_paid_content":false,"footnotes":"","jetpack_publicize_message":"","jetpack_publicize_feature_enabled":true,"jetpack_social_post_already_shared":true,"jetpack_social_options":{"image_generator_settings":{"template":"highway","default_image_id":0,"font":"","enabled":false},"version":2}},"categories":[18],"tags":[],"class_list":["post-49940","post","type-post","status-publish","format-standard","has-post-thumbnail","hentry","category-politica"],"aioseo_notices":[],"views":18,"jetpack_publicize_connections":[],"jetpack_featured_media_url":"https:\/\/i0.wp.com\/elterritorialweb.com.ar\/web\/wp-content\/uploads\/2023\/03\/ALBERTO-FERNANDEZ-Y-CRISTINA.jpg?fit=680%2C383&ssl=1","jetpack_sharing_enabled":true,"_links":{"self":[{"href":"https:\/\/elterritorialweb.com.ar\/web\/wp-json\/wp\/v2\/posts\/49940","targetHints":{"allow":["GET"]}}],"collection":[{"href":"https:\/\/elterritorialweb.com.ar\/web\/wp-json\/wp\/v2\/posts"}],"about":[{"href":"https:\/\/elterritorialweb.com.ar\/web\/wp-json\/wp\/v2\/types\/post"}],"author":[{"embeddable":true,"href":"https:\/\/elterritorialweb.com.ar\/web\/wp-json\/wp\/v2\/users\/2"}],"replies":[{"embeddable":true,"href":"https:\/\/elterritorialweb.com.ar\/web\/wp-json\/wp\/v2\/comments?post=49940"}],"version-history":[{"count":1,"href":"https:\/\/elterritorialweb.com.ar\/web\/wp-json\/wp\/v2\/posts\/49940\/revisions"}],"predecessor-version":[{"id":49942,"href":"https:\/\/elterritorialweb.com.ar\/web\/wp-json\/wp\/v2\/posts\/49940\/revisions\/49942"}],"wp:featuredmedia":[{"embeddable":true,"href":"https:\/\/elterritorialweb.com.ar\/web\/wp-json\/wp\/v2\/media\/49941"}],"wp:attachment":[{"href":"https:\/\/elterritorialweb.com.ar\/web\/wp-json\/wp\/v2\/media?parent=49940"}],"wp:term":[{"taxonomy":"category","embeddable":true,"href":"https:\/\/elterritorialweb.com.ar\/web\/wp-json\/wp\/v2\/categories?post=49940"},{"taxonomy":"post_tag","embeddable":true,"href":"https:\/\/elterritorialweb.com.ar\/web\/wp-json\/wp\/v2\/tags?post=49940"}],"curies":[{"name":"wp","href":"https:\/\/api.w.org\/{rel}","templated":true}]}}