{"id":49947,"date":"2023-03-01T18:15:29","date_gmt":"2023-03-01T18:15:29","guid":{"rendered":"http:\/\/elterritorialweb.com.ar\/web\/?p=49947"},"modified":"2023-03-01T18:15:34","modified_gmt":"2023-03-01T18:15:34","slug":"la-facultad-de-forestales-organiza-la-primera-algarrobeada","status":"publish","type":"post","link":"https:\/\/elterritorialweb.com.ar\/web\/la-facultad-de-forestales-organiza-la-primera-algarrobeada\/","title":{"rendered":"LA FACULTAD DE FORESTALES ORGANIZA LA PRIMERA ALGARROBEADA"},"content":{"rendered":"\n<p>Se abordar\u00e1n temas relacionados a la selecci\u00f3n, cosecha y molienda de vainas, y a la producci\u00f3n de plantas en vivero.<br>Participar\u00e1n de la organizaci\u00f3n el Instituto de Silvicultura y Manejo de Bosques y el Instituto de Estudios Ambientales y Desarrollo Rural de la Llanura Chaque\u00f1a, ambos pertenecientes a la UNSE; el grupo Sacha Waykuna Mukuy (comida o frutos del monte cocinados, en lengua quichua) y la Direcci\u00f3n Nacional de Desarrollo Foresto Industrial, del Ministerio de Agricultura Ganader\u00eda y Pesca.<br>Este taller fue declarado de inter\u00e9s institucional por la Facultad de Ciencias Forestales.<\/p>\n\n\n\n<figure class=\"wp-block-image size-full\"><a href=\"https:\/\/i0.wp.com\/elterritorialweb.com.ar\/web\/wp-content\/uploads\/2023\/03\/IMG-20230301-WA0062.jpg\"><img data-recalc-dims=\"1\" decoding=\"async\" width=\"611\" height=\"458\" data-src=\"https:\/\/i0.wp.com\/elterritorialweb.com.ar\/web\/wp-content\/uploads\/2023\/03\/IMG-20230301-WA0062.jpg?resize=611%2C458\" alt=\"\" class=\"wp-image-49949 lazyload\" data-srcset=\"https:\/\/i0.wp.com\/elterritorialweb.com.ar\/web\/wp-content\/uploads\/2023\/03\/IMG-20230301-WA0062.jpg?w=611&amp;ssl=1 611w, https:\/\/i0.wp.com\/elterritorialweb.com.ar\/web\/wp-content\/uploads\/2023\/03\/IMG-20230301-WA0062.jpg?resize=300%2C225&amp;ssl=1 300w\" data-sizes=\"(max-width: 611px) 100vw, 611px\" src=\"data:image\/svg+xml;base64,PHN2ZyB3aWR0aD0iMSIgaGVpZ2h0PSIxIiB4bWxucz0iaHR0cDovL3d3dy53My5vcmcvMjAwMC9zdmciPjwvc3ZnPg==\" style=\"--smush-placeholder-width: 611px; --smush-placeholder-aspect-ratio: 611\/458;\" \/><\/a><\/figure>\n","protected":false},"excerpt":{"rendered":"<p>El viernes 3 de marzo se desarrollar\u00e1 el taller denominado \u201cPrimera Algarrobeada en el<br \/>\nSur Santiague\u00f1o\u201d en la localidad La Primavera, Departamento Quebrachos. <\/p>\n","protected":false},"author":2,"featured_media":49948,"comment_status":"open","ping_status":"open","sticky":false,"template":"","format":"standard","meta":{"om_disable_all_campaigns":false,"_monsterinsights_skip_tracking":false,"_monsterinsights_sitenote_active":false,"_monsterinsights_sitenote_note":"","_monsterinsights_sitenote_category":0,"_uf_show_specific_survey":0,"_uf_disable_surveys":false,"jetpack_post_was_ever_published":false,"_jetpack_newsletter_access":"","_jetpack_dont_email_post_to_subs":false,"_jetpack_newsletter_tier_id":0,"_jetpack_memberships_contains_paywalled_content":false,"_jetpack_memberships_contains_paid_content":false,"footnotes":"","jetpack_publicize_message":"","jetpack_publicize_feature_enabled":true,"jetpack_social_post_already_shared":true,"jetpack_social_options":{"image_generator_settings":{"template":"highway","default_image_id":0,"font":"","enabled":false},"version":2}},"categories":[19],"tags":[],"class_list":["post-49947","post","type-post","status-publish","format-standard","has-post-thumbnail","hentry","category-educacion"],"aioseo_notices":[],"views":17,"jetpack_publicize_connections":[],"jetpack_featured_media_url":"https:\/\/i0.wp.com\/elterritorialweb.com.ar\/web\/wp-content\/uploads\/2023\/03\/images.jpeg?fit=275%2C183&ssl=1","jetpack_sharing_enabled":true,"_links":{"self":[{"href":"https:\/\/elterritorialweb.com.ar\/web\/wp-json\/wp\/v2\/posts\/49947","targetHints":{"allow":["GET"]}}],"collection":[{"href":"https:\/\/elterritorialweb.com.ar\/web\/wp-json\/wp\/v2\/posts"}],"about":[{"href":"https:\/\/elterritorialweb.com.ar\/web\/wp-json\/wp\/v2\/types\/post"}],"author":[{"embeddable":true,"href":"https:\/\/elterritorialweb.com.ar\/web\/wp-json\/wp\/v2\/users\/2"}],"replies":[{"embeddable":true,"href":"https:\/\/elterritorialweb.com.ar\/web\/wp-json\/wp\/v2\/comments?post=49947"}],"version-history":[{"count":1,"href":"https:\/\/elterritorialweb.com.ar\/web\/wp-json\/wp\/v2\/posts\/49947\/revisions"}],"predecessor-version":[{"id":49950,"href":"https:\/\/elterritorialweb.com.ar\/web\/wp-json\/wp\/v2\/posts\/49947\/revisions\/49950"}],"wp:featuredmedia":[{"embeddable":true,"href":"https:\/\/elterritorialweb.com.ar\/web\/wp-json\/wp\/v2\/media\/49948"}],"wp:attachment":[{"href":"https:\/\/elterritorialweb.com.ar\/web\/wp-json\/wp\/v2\/media?parent=49947"}],"wp:term":[{"taxonomy":"category","embeddable":true,"href":"https:\/\/elterritorialweb.com.ar\/web\/wp-json\/wp\/v2\/categories?post=49947"},{"taxonomy":"post_tag","embeddable":true,"href":"https:\/\/elterritorialweb.com.ar\/web\/wp-json\/wp\/v2\/tags?post=49947"}],"curies":[{"name":"wp","href":"https:\/\/api.w.org\/{rel}","templated":true}]}}