{"id":50020,"date":"2023-03-02T19:51:27","date_gmt":"2023-03-02T19:51:27","guid":{"rendered":"http:\/\/elterritorialweb.com.ar\/web\/?p=50020"},"modified":"2023-03-02T19:51:30","modified_gmt":"2023-03-02T19:51:30","slug":"alberto-fernandez-hablo-sobre-la-amenaza-a-messi-y-violencia-en-rosario","status":"publish","type":"post","link":"https:\/\/elterritorialweb.com.ar\/web\/alberto-fernandez-hablo-sobre-la-amenaza-a-messi-y-violencia-en-rosario\/","title":{"rendered":"ALBERTO FERN\u00c1NDEZ HABL\u00d3 SOBRE LA AMENAZA A MESSI Y VIOLENCIA EN ROSARIO"},"content":{"rendered":"\n<p>El presidente\u00a0<strong>Alberto Fern\u00e1ndez<\/strong>\u00a0se expres\u00f3 sobre el ataque al supermercado perteneciente a la familia de\u00a0<strong><a href=\"http:\/\/elterritorialweb.com.ar\/web\/balearon-un-supermercado-de-la-familia-de-de-antonela-roccuzzo-y-dejaron-un-mensaje-amenazante-a-messi\/\" data-type=\"URL\" data-id=\"http:\/\/elterritorialweb.com.ar\/web\/balearon-un-supermercado-de-la-familia-de-de-antonela-roccuzzo-y-dejaron-un-mensaje-amenazante-a-messi\/\">Antonela Roccuzzo y las amenazas contra Lionel Messi<\/a><\/strong>. \u00abHay que hacer algo por los rosarinos y santafesinos porque son argentinos\u00bb, sentenci\u00f3 el jefe de Estado.<\/p>\n\n\n\n<p>Fern\u00e1ndez encabez\u00f3 un acto sobre la entrega de las primeras casas del programa Habitar Comunidad, en la provincia de Salta, en el que tambi\u00e9n hizo alusi\u00f3n a c\u00f3mo actu\u00f3 tras enterarse de lo sucedido: \u00abHoy amanec\u00ed con una noticia fea en Rosario donde hab\u00edan baleado un supermercado. Me comuniqu\u00e9 enseguida con\u00a0<strong>el intendente (Pablo Javkin) y con el jefe de Gabinete (Agust\u00edn Rossi)\u00bb.<\/strong><\/p>\n\n\n\n<p>\u00abLe dije &#8216;pong\u00e1monos en marcha ya&#8217;, porque estamos haciendo mucho pero&nbsp;<strong>algo m\u00e1s habr\u00e1 que hacer\u00bb<\/strong>, agreg\u00f3. Adem\u00e1s, advirti\u00f3 que \u00aben Rosario el problema de la violencia y el crimen organizado es muy serio\u00bb.<\/p>\n\n\n\n<p>En tanto, el Presidente remarc\u00f3 que se combaten este tipo de situaciones por&nbsp;<strong>\u00abla Argentina que padece la violencia de Rosario, la Argentina que pelea frente al fondo para seguir creciendo para seguir desarroll\u00e1ndose<\/strong>&nbsp;y por la Argentina que est\u00e1 en la Poma y que necesita definitivamente del apoyo del estado nacional para seguir creciendo\u00bb.<\/p>\n\n\n\n<p><\/p>\n\n\n\n<p><\/p>\n\n\n\n<p><\/p>\n","protected":false},"excerpt":{"rendered":"<p>El Presidente se refiri\u00f3 al ataque a balazos contra un supermercado perteneciente a la familia de Antonela Roccuzzo, esposa del futbolista. \u00abAlgo hay que hacer por los rosarinos y santafesinos\u00bb, expres\u00f3.<\/p>\n","protected":false},"author":2,"featured_media":50021,"comment_status":"open","ping_status":"open","sticky":false,"template":"","format":"standard","meta":{"om_disable_all_campaigns":false,"_monsterinsights_skip_tracking":false,"_monsterinsights_sitenote_active":false,"_monsterinsights_sitenote_note":"","_monsterinsights_sitenote_category":0,"_uf_show_specific_survey":0,"_uf_disable_surveys":false,"jetpack_post_was_ever_published":false,"_jetpack_newsletter_access":"","_jetpack_dont_email_post_to_subs":false,"_jetpack_newsletter_tier_id":0,"_jetpack_memberships_contains_paywalled_content":false,"_jetpack_memberships_contains_paid_content":false,"footnotes":"","jetpack_publicize_message":"","jetpack_publicize_feature_enabled":true,"jetpack_social_post_already_shared":true,"jetpack_social_options":{"image_generator_settings":{"template":"highway","default_image_id":0,"font":"","enabled":false},"version":2}},"categories":[18],"tags":[],"class_list":["post-50020","post","type-post","status-publish","format-standard","has-post-thumbnail","hentry","category-politica"],"aioseo_notices":[],"views":15,"jetpack_publicize_connections":[],"jetpack_featured_media_url":"https:\/\/i0.wp.com\/elterritorialweb.com.ar\/web\/wp-content\/uploads\/2023\/03\/image-3.png?fit=1200%2C675&ssl=1","jetpack_sharing_enabled":true,"_links":{"self":[{"href":"https:\/\/elterritorialweb.com.ar\/web\/wp-json\/wp\/v2\/posts\/50020","targetHints":{"allow":["GET"]}}],"collection":[{"href":"https:\/\/elterritorialweb.com.ar\/web\/wp-json\/wp\/v2\/posts"}],"about":[{"href":"https:\/\/elterritorialweb.com.ar\/web\/wp-json\/wp\/v2\/types\/post"}],"author":[{"embeddable":true,"href":"https:\/\/elterritorialweb.com.ar\/web\/wp-json\/wp\/v2\/users\/2"}],"replies":[{"embeddable":true,"href":"https:\/\/elterritorialweb.com.ar\/web\/wp-json\/wp\/v2\/comments?post=50020"}],"version-history":[{"count":1,"href":"https:\/\/elterritorialweb.com.ar\/web\/wp-json\/wp\/v2\/posts\/50020\/revisions"}],"predecessor-version":[{"id":50022,"href":"https:\/\/elterritorialweb.com.ar\/web\/wp-json\/wp\/v2\/posts\/50020\/revisions\/50022"}],"wp:featuredmedia":[{"embeddable":true,"href":"https:\/\/elterritorialweb.com.ar\/web\/wp-json\/wp\/v2\/media\/50021"}],"wp:attachment":[{"href":"https:\/\/elterritorialweb.com.ar\/web\/wp-json\/wp\/v2\/media?parent=50020"}],"wp:term":[{"taxonomy":"category","embeddable":true,"href":"https:\/\/elterritorialweb.com.ar\/web\/wp-json\/wp\/v2\/categories?post=50020"},{"taxonomy":"post_tag","embeddable":true,"href":"https:\/\/elterritorialweb.com.ar\/web\/wp-json\/wp\/v2\/tags?post=50020"}],"curies":[{"name":"wp","href":"https:\/\/api.w.org\/{rel}","templated":true}]}}