{"id":50023,"date":"2023-03-02T20:10:29","date_gmt":"2023-03-02T20:10:29","guid":{"rendered":"http:\/\/elterritorialweb.com.ar\/web\/?p=50023"},"modified":"2023-03-02T20:10:31","modified_gmt":"2023-03-02T20:10:31","slug":"importante-reunion-entre-el-sector-publico-y-privado-para-hacer-mas-eficiente-el-servicio-turistico","status":"publish","type":"post","link":"https:\/\/elterritorialweb.com.ar\/web\/importante-reunion-entre-el-sector-publico-y-privado-para-hacer-mas-eficiente-el-servicio-turistico\/","title":{"rendered":"IMPORTANTE REUNI\u00d3N ENTRE EL SECTOR P\u00daBLICO Y PRIVADO PARA HACER M\u00c1S EFICIENTE EL SERVICIO TUR\u00cdSTICO"},"content":{"rendered":"\n<p>Estuvo acompa\u00f1ado por el director del F\u00f3rum, Manuel G\u00f3mez y el director de Gesti\u00f3n P\u00fablica del Nodo Tecnol\u00f3gico, Ricardo Montenegro. Tambi\u00e9n estuvieron por el sector privado Miguel Figueroa, presidente de la C\u00e1mara de Turismo de Santiago del Estero; Julio Jorge, titular de la C\u00e1mara Hotelera; Ana Mar\u00eda P\u00e9cora, vicepresidente de la Agencia de Viajes y Turismo de Santiago del Estero y Juan Pablo Issa, presidente del Boureau de Santiago del Estero.<br>En este marco se destac\u00f3 que \u201ca\u00f1o a a\u00f1o se realizan numerosos eventos de distinta naturaleza, con gran impacto en esta actividad, en que se conjugan los esfuerzos del sector p\u00fablico y del sector privado, lo cual fue uno de los puntales de la reuni\u00f3n\u201d, ya que se busca \u201cllegar a mecanismos de acci\u00f3n conjunta en acontecimientos deportivos y todos los eventos que conciten afluencia tur\u00edstica\u201d.<br>Por lo tanto, la demanda es cada vez m\u00e1s fuerte en cuanto a capacitaci\u00f3n y mejoramiento de servicios, apuntando tambi\u00e9n al turismo internacional.<br>En su viaje a Brasil, el subsecretario de Turismo de la provincia trajo, entre otras conclusiones, una muy importante, sustentada en datos, de que la mayor\u00eda de los seguidores del gran premio de motociclismo mundial, trae a Santiago del Estero, en su m\u00e1ximo porcentaje, a turistas brasile\u00f1os.<br>Esto se traduce en la necesidad de tomar acciones acordes. En este caso, poder poner a todos los trabajadores del sector tur\u00edstico (p\u00fablico y privado) en un entrenamiento \u00e1gil y eficaz sobre el manejo del idioma portugu\u00e9s.<br>En ese sentido, comenzar\u00e1 la capacitaci\u00f3n con el curso de portugu\u00e9s tur\u00edstico, que est\u00e1 previsto para la semana que viene, luego seguir\u00e1n otros como, Atenci\u00f3n al cliente, Gesti\u00f3n de Calidad, Liderando Equipos de Trabajo y Generaci\u00f3n de Eventos Sustentables, fueron otros t\u00f3picos de la agenda en la reuni\u00f3n aludida, teniendo una especial mirada ambiental y sustentable.<br>A su turno, Miguel Figueroa dijo: \u201cVen\u00edamos solicitando un programa \u00fanico de actividades, a lo que el subsecretario de Turismo dio inmediata respuesta, sobre todo por el salto gigante que ha dado la provincia, y as\u00ed proporcionar la mayor calidad de atenci\u00f3n a los visitantes\u201d.<br>Los cursos de marras entran en este programa en conjunto, oportunamente solicitado y llevado a cabo por ambas \u00e1reas que manejan el turismo en la provincia.<\/p>\n","protected":false},"excerpt":{"rendered":"<p>Con el objetivo de afianzar el trabajo coordinado entre los sectores p\u00fablico y privado para consolidar el crecimiento de la provincia en materia tur\u00edstica, este mi\u00e9rcoles se realiz\u00f3 una reuni\u00f3n encabezada por el subsecretario de Turismo, Nelson Bravo.<\/p>\n","protected":false},"author":2,"featured_media":50024,"comment_status":"open","ping_status":"open","sticky":false,"template":"","format":"standard","meta":{"om_disable_all_campaigns":false,"_monsterinsights_skip_tracking":false,"_monsterinsights_sitenote_active":false,"_monsterinsights_sitenote_note":"","_monsterinsights_sitenote_category":0,"_uf_show_specific_survey":0,"_uf_disable_surveys":false,"jetpack_post_was_ever_published":false,"_jetpack_newsletter_access":"","_jetpack_dont_email_post_to_subs":false,"_jetpack_newsletter_tier_id":0,"_jetpack_memberships_contains_paywalled_content":false,"_jetpack_memberships_contains_paid_content":false,"footnotes":"","jetpack_publicize_message":"","jetpack_publicize_feature_enabled":true,"jetpack_social_post_already_shared":true,"jetpack_social_options":{"image_generator_settings":{"template":"highway","default_image_id":0,"font":"","enabled":false},"version":2}},"categories":[29],"tags":[],"class_list":["post-50023","post","type-post","status-publish","format-standard","has-post-thumbnail","hentry","category-turismo"],"aioseo_notices":[],"views":17,"jetpack_publicize_connections":[],"jetpack_featured_media_url":"https:\/\/i0.wp.com\/elterritorialweb.com.ar\/web\/wp-content\/uploads\/2023\/03\/WhatsApp-Image-2023-03-02-at-13.37.12.jpeg?fit=1599%2C738&ssl=1","jetpack_sharing_enabled":true,"_links":{"self":[{"href":"https:\/\/elterritorialweb.com.ar\/web\/wp-json\/wp\/v2\/posts\/50023","targetHints":{"allow":["GET"]}}],"collection":[{"href":"https:\/\/elterritorialweb.com.ar\/web\/wp-json\/wp\/v2\/posts"}],"about":[{"href":"https:\/\/elterritorialweb.com.ar\/web\/wp-json\/wp\/v2\/types\/post"}],"author":[{"embeddable":true,"href":"https:\/\/elterritorialweb.com.ar\/web\/wp-json\/wp\/v2\/users\/2"}],"replies":[{"embeddable":true,"href":"https:\/\/elterritorialweb.com.ar\/web\/wp-json\/wp\/v2\/comments?post=50023"}],"version-history":[{"count":1,"href":"https:\/\/elterritorialweb.com.ar\/web\/wp-json\/wp\/v2\/posts\/50023\/revisions"}],"predecessor-version":[{"id":50025,"href":"https:\/\/elterritorialweb.com.ar\/web\/wp-json\/wp\/v2\/posts\/50023\/revisions\/50025"}],"wp:featuredmedia":[{"embeddable":true,"href":"https:\/\/elterritorialweb.com.ar\/web\/wp-json\/wp\/v2\/media\/50024"}],"wp:attachment":[{"href":"https:\/\/elterritorialweb.com.ar\/web\/wp-json\/wp\/v2\/media?parent=50023"}],"wp:term":[{"taxonomy":"category","embeddable":true,"href":"https:\/\/elterritorialweb.com.ar\/web\/wp-json\/wp\/v2\/categories?post=50023"},{"taxonomy":"post_tag","embeddable":true,"href":"https:\/\/elterritorialweb.com.ar\/web\/wp-json\/wp\/v2\/tags?post=50023"}],"curies":[{"name":"wp","href":"https:\/\/api.w.org\/{rel}","templated":true}]}}