{"id":50026,"date":"2023-03-02T21:26:47","date_gmt":"2023-03-02T21:26:47","guid":{"rendered":"http:\/\/elterritorialweb.com.ar\/web\/?p=50026"},"modified":"2023-03-02T21:26:50","modified_gmt":"2023-03-02T21:26:50","slug":"nediani-encabezo-la-apertura-del-ciclo-lectivo-2023","status":"publish","type":"post","link":"https:\/\/elterritorialweb.com.ar\/web\/nediani-encabezo-la-apertura-del-ciclo-lectivo-2023\/","title":{"rendered":"NEDIANI ENCABEZ\u00d3 LA APERTURA DEL CICLO LECTIVO 2023"},"content":{"rendered":"\n<p><br>En la oportunidad, el jefe comunal estuvo acompa\u00f1ado por el viceintendente Gabriel Santill\u00e1n; la subsecretaria de Educaci\u00f3n y Cultura, Alejandra Far\u00edas; el director de Educaci\u00f3n, Facundo Far\u00edas; miembros del Departamento Ejecutivo Municipal y dem\u00e1s autoridades.<br>Por su parte, los jardines municipales presentes en dicho acto fueron: N\u00ba1 \u201cNi\u00f1o Jes\u00fas\u201d, N\u00ba2 \u201cRayito del Sol\u201d, N\u00ba3 \u201cPimpollitos\u201d, N\u00ba4 \u201cHaydee B. Herrera\u201d, N\u00ba5 \u201cJulia Valdivia\u201d, N\u00ba6 \u201cLuis A. Pesci\u201d, N\u00ba7 \u201cHuahitas\u201d , N\u00ba8 \u201cMi peque\u00f1o mundo\u201d, N\u00ba9 \u201cPayasitos\u201d, N\u00ba10 \u201cOsitos Cari\u00f1osos\u201d, N\u00ba11 \u201cArco Iris\u201d, N\u00ba12 \u201cAlbergue de sue\u00f1os\u201d, N\u00ba13 \u201cAbejitas\u201d, N\u00ba14 \u201cDuendecitos\u201d, N\u00ba15 \u201cSanta Rita\u201d, N\u00ba17 \u201cAda M. Corghi\u201d, N\u00ba18 \u201cRinc\u00f3n de Luz\u201d, N\u00ba19 \u201cZaida T. de Villaverde\u201d, N\u00ba20 \u201cMundo M\u00e1gico\u201d , N\u00ba21 del Barrio Centro; como as\u00ed tambi\u00e9n se encontr\u00f3 la Escuela Primaria y Secundaria Municipal \u201cAda Nilda Alderete\u201d.<\/p>\n\n\n\n<figure class=\"wp-block-image size-large\"><a href=\"https:\/\/i0.wp.com\/elterritorialweb.com.ar\/web\/wp-content\/uploads\/2023\/03\/WhatsApp-Image-2023-03-02-at-14.41.50-1.jpeg\"><img data-recalc-dims=\"1\" decoding=\"async\" width=\"640\" height=\"423\" data-src=\"https:\/\/i0.wp.com\/elterritorialweb.com.ar\/web\/wp-content\/uploads\/2023\/03\/WhatsApp-Image-2023-03-02-at-14.41.50-1.jpeg?resize=640%2C423\" alt=\"\" class=\"wp-image-50027 lazyload\" data-srcset=\"https:\/\/i0.wp.com\/elterritorialweb.com.ar\/web\/wp-content\/uploads\/2023\/03\/WhatsApp-Image-2023-03-02-at-14.41.50-1.jpeg?resize=1024%2C676&amp;ssl=1 1024w, https:\/\/i0.wp.com\/elterritorialweb.com.ar\/web\/wp-content\/uploads\/2023\/03\/WhatsApp-Image-2023-03-02-at-14.41.50-1.jpeg?resize=300%2C198&amp;ssl=1 300w, https:\/\/i0.wp.com\/elterritorialweb.com.ar\/web\/wp-content\/uploads\/2023\/03\/WhatsApp-Image-2023-03-02-at-14.41.50-1.jpeg?resize=768%2C507&amp;ssl=1 768w, https:\/\/i0.wp.com\/elterritorialweb.com.ar\/web\/wp-content\/uploads\/2023\/03\/WhatsApp-Image-2023-03-02-at-14.41.50-1.jpeg?w=1280&amp;ssl=1 1280w\" data-sizes=\"(max-width: 640px) 100vw, 640px\" src=\"data:image\/svg+xml;base64,PHN2ZyB3aWR0aD0iMSIgaGVpZ2h0PSIxIiB4bWxucz0iaHR0cDovL3d3dy53My5vcmcvMjAwMC9zdmciPjwvc3ZnPg==\" style=\"--smush-placeholder-width: 640px; --smush-placeholder-aspect-ratio: 640\/423;\" \/><\/a><\/figure>\n\n\n\n<p>En este sentido, el intendente Roger Nediani agreg\u00f3: \u201cEs un d\u00eda especial para todos, pero principalmente para m\u00ed como intendente de esta ciudad ya que es un honor presidir un inicio de apertura de ciclo lectivo, y remarcar a la educaci\u00f3n como formaci\u00f3n destinada a desarrollar capacidades intelectuales, morales y afectiva\u201d.<br>\u201cEn relaci\u00f3n a los valores en relaci\u00f3n a la forma de educar los quiero involucrar a las familias ya que tambi\u00e9n en las casas hay que ponerle nuestra forma para acompa\u00f1arlos en la educaci\u00f3n de cada uno de los ni\u00f1os\u201d, finaliz\u00f3 Nediani.<br>As\u00ed mismo, la subsecretaria de Educaci\u00f3n y Cultura, Alejandra Far\u00edas destac\u00f3: \u201cHoy nos reunimos para celebrar el inicio de un a\u00f1o m\u00e1s de clases junto a nuestros m\u00e1s peque\u00f1os y alumnos de la escuela primaria y secundaria municipal, y quiero agradecer a cada una de las personas que colaboran para llevar adelante esta \u00e1rea tan importante para la gesti\u00f3n del Municipio de nuestra Ciudad ya que es una educaci\u00f3n libre y gratuita\u201d.<\/p>\n","protected":false},"excerpt":{"rendered":"<p>En la ma\u00f1ana, del jueves el intendente Roger Nediani encabez\u00f3 la apertura del Ciclo Lectivo 2023 con la presencia de autoridades municipales y delegaciones escolares del sistema educativo que depende de la comuna.<\/p>\n","protected":false},"author":2,"featured_media":50028,"comment_status":"open","ping_status":"open","sticky":false,"template":"","format":"standard","meta":{"om_disable_all_campaigns":false,"_monsterinsights_skip_tracking":false,"_monsterinsights_sitenote_active":false,"_monsterinsights_sitenote_note":"","_monsterinsights_sitenote_category":0,"_uf_show_specific_survey":0,"_uf_disable_surveys":false,"jetpack_post_was_ever_published":false,"_jetpack_newsletter_access":"","_jetpack_dont_email_post_to_subs":false,"_jetpack_newsletter_tier_id":0,"_jetpack_memberships_contains_paywalled_content":false,"_jetpack_memberships_contains_paid_content":false,"footnotes":"","jetpack_publicize_message":"","jetpack_publicize_feature_enabled":true,"jetpack_social_post_already_shared":true,"jetpack_social_options":{"image_generator_settings":{"template":"highway","default_image_id":0,"font":"","enabled":false},"version":2}},"categories":[9,19],"tags":[],"class_list":["post-50026","post","type-post","status-publish","format-standard","has-post-thumbnail","hentry","category-banda","category-educacion"],"aioseo_notices":[],"views":21,"jetpack_publicize_connections":[],"jetpack_featured_media_url":"https:\/\/i0.wp.com\/elterritorialweb.com.ar\/web\/wp-content\/uploads\/2023\/03\/WhatsApp-Image-2023-03-02-at-14.41.50.jpeg?fit=1280%2C845&ssl=1","jetpack_sharing_enabled":true,"_links":{"self":[{"href":"https:\/\/elterritorialweb.com.ar\/web\/wp-json\/wp\/v2\/posts\/50026","targetHints":{"allow":["GET"]}}],"collection":[{"href":"https:\/\/elterritorialweb.com.ar\/web\/wp-json\/wp\/v2\/posts"}],"about":[{"href":"https:\/\/elterritorialweb.com.ar\/web\/wp-json\/wp\/v2\/types\/post"}],"author":[{"embeddable":true,"href":"https:\/\/elterritorialweb.com.ar\/web\/wp-json\/wp\/v2\/users\/2"}],"replies":[{"embeddable":true,"href":"https:\/\/elterritorialweb.com.ar\/web\/wp-json\/wp\/v2\/comments?post=50026"}],"version-history":[{"count":1,"href":"https:\/\/elterritorialweb.com.ar\/web\/wp-json\/wp\/v2\/posts\/50026\/revisions"}],"predecessor-version":[{"id":50030,"href":"https:\/\/elterritorialweb.com.ar\/web\/wp-json\/wp\/v2\/posts\/50026\/revisions\/50030"}],"wp:featuredmedia":[{"embeddable":true,"href":"https:\/\/elterritorialweb.com.ar\/web\/wp-json\/wp\/v2\/media\/50028"}],"wp:attachment":[{"href":"https:\/\/elterritorialweb.com.ar\/web\/wp-json\/wp\/v2\/media?parent=50026"}],"wp:term":[{"taxonomy":"category","embeddable":true,"href":"https:\/\/elterritorialweb.com.ar\/web\/wp-json\/wp\/v2\/categories?post=50026"},{"taxonomy":"post_tag","embeddable":true,"href":"https:\/\/elterritorialweb.com.ar\/web\/wp-json\/wp\/v2\/tags?post=50026"}],"curies":[{"name":"wp","href":"https:\/\/api.w.org\/{rel}","templated":true}]}}