{"id":5026,"date":"2020-05-15T15:58:28","date_gmt":"2020-05-15T15:58:28","guid":{"rendered":"http:\/\/elterritorialweb.com.ar\/web\/?p=5026"},"modified":"2020-05-15T15:58:29","modified_gmt":"2020-05-15T15:58:29","slug":"se-garantizan-anticuerpos-monoclonales-en-bebes-prematuros-de-alto-riesgo","status":"publish","type":"post","link":"https:\/\/elterritorialweb.com.ar\/web\/se-garantizan-anticuerpos-monoclonales-en-bebes-prematuros-de-alto-riesgo\/","title":{"rendered":"SE GARANTIZAN ANTICUERPOS MONOCLONALES EN BEBES PREMATUROS DE ALTO RIESGO"},"content":{"rendered":"\n<p>El Ministerio de Salud inform\u00f3 que,\u00a0\u00a0en la Neonatolog\u00eda\u00a0\u00a0del CISB\u00a0\u00a0La Banda, 6 beb\u00e9s prematuros dados de alta, fueron los primeros en recibir el anticuerpo monoclonal Palivizumab.<br>Tambi\u00e9n, como parte de la prevenci\u00f3n de enfermedades respiratorias, se colocaron la vacuna antigripal a las madres y sus beb\u00e9s.                              Esta estrategia, implementada a trav\u00e9s de la Direcci\u00f3n Materno Infanto Juvenil\u00a0\u00a0tiene el objetivo de proteger y prevenir la mortalidad de ni\u00f1as y ni\u00f1as prematuras de alto riesgo y de aquellos que son portadores de cardiopat\u00edas cong\u00e9nitas.<\/p>\n\n\n\n<figure class=\"wp-block-image size-large\"><img data-recalc-dims=\"1\" decoding=\"async\" width=\"640\" height=\"853\" data-src=\"https:\/\/i0.wp.com\/elterritorialweb.com.ar\/web\/wp-content\/uploads\/2020\/05\/anticuerpos-1.jpeg?resize=640%2C853\" alt=\"\" class=\"wp-image-5028 lazyload\" data-srcset=\"https:\/\/i0.wp.com\/elterritorialweb.com.ar\/web\/wp-content\/uploads\/2020\/05\/anticuerpos-1.jpeg?resize=768%2C1024&amp;ssl=1 768w, https:\/\/i0.wp.com\/elterritorialweb.com.ar\/web\/wp-content\/uploads\/2020\/05\/anticuerpos-1.jpeg?resize=225%2C300&amp;ssl=1 225w, https:\/\/i0.wp.com\/elterritorialweb.com.ar\/web\/wp-content\/uploads\/2020\/05\/anticuerpos-1.jpeg?w=780&amp;ssl=1 780w\" data-sizes=\"(max-width: 640px) 100vw, 640px\" src=\"data:image\/svg+xml;base64,PHN2ZyB3aWR0aD0iMSIgaGVpZ2h0PSIxIiB4bWxucz0iaHR0cDovL3d3dy53My5vcmcvMjAwMC9zdmciPjwvc3ZnPg==\" style=\"--smush-placeholder-width: 640px; --smush-placeholder-aspect-ratio: 640\/853;\" \/><\/figure>\n\n\n\n<p><br>El anticuerpo monoclonal previene las complicaciones producidas por el virus sincicial que causa la bronquiolitis.<br>Tambi\u00e9n ayuda a reducir la mortalidad infantil por causas respiratorias durante el invierno en ni\u00f1os con mayor riesgo, en quienes ha demostrado mayor eficacia y seguridad.<br>El cronograma de administraci\u00f3n se compone de 4 dosis de anticuerpos, los que deber\u00e1n ser aplicados una vez por mes.<\/p>\n","protected":false},"excerpt":{"rendered":"<p>MINISTERIO DE SALUD DE LA PROVINCIA DE SANTIAGO DEL ESTERO<\/p>\n","protected":false},"author":2,"featured_media":5027,"comment_status":"open","ping_status":"open","sticky":false,"template":"","format":"standard","meta":{"om_disable_all_campaigns":false,"_monsterinsights_skip_tracking":false,"_monsterinsights_sitenote_active":false,"_monsterinsights_sitenote_note":"","_monsterinsights_sitenote_category":0,"_uf_show_specific_survey":0,"_uf_disable_surveys":false,"jetpack_post_was_ever_published":false,"_jetpack_newsletter_access":"","_jetpack_dont_email_post_to_subs":false,"_jetpack_newsletter_tier_id":0,"_jetpack_memberships_contains_paywalled_content":false,"_jetpack_memberships_contains_paid_content":false,"footnotes":"","jetpack_publicize_message":"","jetpack_publicize_feature_enabled":true,"jetpack_social_post_already_shared":false,"jetpack_social_options":{"image_generator_settings":{"template":"highway","default_image_id":0,"font":"","enabled":false},"version":2}},"categories":[21],"tags":[],"class_list":["post-5026","post","type-post","status-publish","format-standard","has-post-thumbnail","hentry","category-locales"],"aioseo_notices":[],"views":4,"jetpack_publicize_connections":[],"jetpack_featured_media_url":"https:\/\/i0.wp.com\/elterritorialweb.com.ar\/web\/wp-content\/uploads\/2020\/05\/anticuerpos-.jpeg?fit=780%2C1040&ssl=1","jetpack_sharing_enabled":true,"_links":{"self":[{"href":"https:\/\/elterritorialweb.com.ar\/web\/wp-json\/wp\/v2\/posts\/5026","targetHints":{"allow":["GET"]}}],"collection":[{"href":"https:\/\/elterritorialweb.com.ar\/web\/wp-json\/wp\/v2\/posts"}],"about":[{"href":"https:\/\/elterritorialweb.com.ar\/web\/wp-json\/wp\/v2\/types\/post"}],"author":[{"embeddable":true,"href":"https:\/\/elterritorialweb.com.ar\/web\/wp-json\/wp\/v2\/users\/2"}],"replies":[{"embeddable":true,"href":"https:\/\/elterritorialweb.com.ar\/web\/wp-json\/wp\/v2\/comments?post=5026"}],"version-history":[{"count":1,"href":"https:\/\/elterritorialweb.com.ar\/web\/wp-json\/wp\/v2\/posts\/5026\/revisions"}],"predecessor-version":[{"id":5029,"href":"https:\/\/elterritorialweb.com.ar\/web\/wp-json\/wp\/v2\/posts\/5026\/revisions\/5029"}],"wp:featuredmedia":[{"embeddable":true,"href":"https:\/\/elterritorialweb.com.ar\/web\/wp-json\/wp\/v2\/media\/5027"}],"wp:attachment":[{"href":"https:\/\/elterritorialweb.com.ar\/web\/wp-json\/wp\/v2\/media?parent=5026"}],"wp:term":[{"taxonomy":"category","embeddable":true,"href":"https:\/\/elterritorialweb.com.ar\/web\/wp-json\/wp\/v2\/categories?post=5026"},{"taxonomy":"post_tag","embeddable":true,"href":"https:\/\/elterritorialweb.com.ar\/web\/wp-json\/wp\/v2\/tags?post=5026"}],"curies":[{"name":"wp","href":"https:\/\/api.w.org\/{rel}","templated":true}]}}