{"id":50293,"date":"2023-03-09T20:56:18","date_gmt":"2023-03-09T20:56:18","guid":{"rendered":"http:\/\/elterritorialweb.com.ar\/web\/?p=50293"},"modified":"2023-03-09T20:56:21","modified_gmt":"2023-03-09T20:56:21","slug":"oficinas-de-violencia-del-poder-judicial-realizaron-actividades-por-el-dia-de-la-mujer","status":"publish","type":"post","link":"https:\/\/elterritorialweb.com.ar\/web\/oficinas-de-violencia-del-poder-judicial-realizaron-actividades-por-el-dia-de-la-mujer\/","title":{"rendered":"OFICINAS DE VIOLENCIA DEL PODER JUDICIAL REALIZARON ACTIVIDADES POR EL D\u00cdA DE LA MUJER"},"content":{"rendered":"\n<p>La Oficina de Protecci\u00f3n a las V\u00edctimas de Violencia Familiar y la Mujer (OVFYM) del Centro Judicial A\u00f1atuya realiz\u00f3 una serie de actividades de sensibilizaci\u00f3n sobre la tem\u00e1tica de violencia de g\u00e9nero, en un stand informativo en el acceso a la Oficina emplazada en el Centro Judicial, para lo cual se entreg\u00f3 folleter\u00eda y se asesor\u00f3 al p\u00fablico en general.<\/p>\n\n\n\n<p>Asimismo, en el marco de las actividades alusivas a la fecha, se proyect\u00f3 un&nbsp; video institucional de la OVFyM A\u00f1atuya conmemorativo del 8-M, con mensajes y saludos a las mujeres por parte de las juezas de esa Jurisdicci\u00f3n, docentes y dirigentes de la mencionada ciudad.<\/p>\n\n\n\n<figure class=\"wp-block-image size-full\"><a href=\"https:\/\/i0.wp.com\/elterritorialweb.com.ar\/web\/wp-content\/uploads\/2023\/03\/ACTIVI2.jpeg\"><img data-recalc-dims=\"1\" decoding=\"async\" width=\"640\" height=\"402\" data-src=\"https:\/\/i0.wp.com\/elterritorialweb.com.ar\/web\/wp-content\/uploads\/2023\/03\/ACTIVI2.jpeg?resize=640%2C402\" alt=\"\" class=\"wp-image-50296 lazyload\" data-srcset=\"https:\/\/i0.wp.com\/elterritorialweb.com.ar\/web\/wp-content\/uploads\/2023\/03\/ACTIVI2.jpeg?w=1024&amp;ssl=1 1024w, https:\/\/i0.wp.com\/elterritorialweb.com.ar\/web\/wp-content\/uploads\/2023\/03\/ACTIVI2.jpeg?resize=300%2C188&amp;ssl=1 300w, https:\/\/i0.wp.com\/elterritorialweb.com.ar\/web\/wp-content\/uploads\/2023\/03\/ACTIVI2.jpeg?resize=768%2C482&amp;ssl=1 768w, https:\/\/i0.wp.com\/elterritorialweb.com.ar\/web\/wp-content\/uploads\/2023\/03\/ACTIVI2.jpeg?resize=540%2C340&amp;ssl=1 540w, https:\/\/i0.wp.com\/elterritorialweb.com.ar\/web\/wp-content\/uploads\/2023\/03\/ACTIVI2.jpeg?resize=400%2C250&amp;ssl=1 400w\" data-sizes=\"(max-width: 640px) 100vw, 640px\" src=\"data:image\/svg+xml;base64,PHN2ZyB3aWR0aD0iMSIgaGVpZ2h0PSIxIiB4bWxucz0iaHR0cDovL3d3dy53My5vcmcvMjAwMC9zdmciPjwvc3ZnPg==\" style=\"--smush-placeholder-width: 640px; --smush-placeholder-aspect-ratio: 640\/402;\" \/><\/a><\/figure>\n\n\n\n<h3 class=\"wp-block-heading\">Otras ciudades<\/h3>\n\n\n\n<p>En tanto, en Fr\u00edas se realiz\u00f3 una charla debate sobre el imaginario social del rol de la mujer en el Dispositivo Cogestionado entre Sedronar y los gobiernos provinciales, municipales (DTC&nbsp; &#8211; Sedronar,), por lo que intervino el equipo del dispositivo y un grupo de usuarios que asisten all\u00ed. La actividad consisti\u00f3 en un juego interactivo sobre ciertos mitos, para concluir la actividad con un intercambio de puntos de vista.<\/p>\n\n\n\n<p>Por otra parte, la Dra. Nerea Barrera y la Lic. Eliana Ib\u00e1\u00f1ez, en representaci\u00f3n de la Oficina, participaron de una mesa de trabajo con autoridades judiciales sobre perspectiva de g\u00e9nero en las decisiones judiciales.<\/p>\n\n\n\n<figure class=\"wp-block-image size-full\"><a href=\"https:\/\/i0.wp.com\/elterritorialweb.com.ar\/web\/wp-content\/uploads\/2023\/03\/ACTIVI3.jpeg\"><img data-recalc-dims=\"1\" decoding=\"async\" width=\"640\" height=\"435\" data-src=\"https:\/\/i0.wp.com\/elterritorialweb.com.ar\/web\/wp-content\/uploads\/2023\/03\/ACTIVI3.jpeg?resize=640%2C435\" alt=\"\" class=\"wp-image-50298 lazyload\" data-srcset=\"https:\/\/i0.wp.com\/elterritorialweb.com.ar\/web\/wp-content\/uploads\/2023\/03\/ACTIVI3.jpeg?w=771&amp;ssl=1 771w, https:\/\/i0.wp.com\/elterritorialweb.com.ar\/web\/wp-content\/uploads\/2023\/03\/ACTIVI3.jpeg?resize=300%2C204&amp;ssl=1 300w, https:\/\/i0.wp.com\/elterritorialweb.com.ar\/web\/wp-content\/uploads\/2023\/03\/ACTIVI3.jpeg?resize=768%2C522&amp;ssl=1 768w\" data-sizes=\"(max-width: 640px) 100vw, 640px\" src=\"data:image\/svg+xml;base64,PHN2ZyB3aWR0aD0iMSIgaGVpZ2h0PSIxIiB4bWxucz0iaHR0cDovL3d3dy53My5vcmcvMjAwMC9zdmciPjwvc3ZnPg==\" style=\"--smush-placeholder-width: 640px; --smush-placeholder-aspect-ratio: 640\/435;\" \/><\/a><\/figure>\n\n\n\n<p>Mientras que en la ciudad de Termas de R\u00edo Hondo, integrantes del Anexo de la OVFyM, llevaron a cabo acciones sensibilizadoras. Por ello, ubicaron un stand en la plaza San Mart\u00edn, que cont\u00f3 con la presencia del intendente, Dr. Jorge Mukdise.<\/p>\n\n\n\n<figure class=\"wp-block-image size-full\"><a href=\"https:\/\/i0.wp.com\/elterritorialweb.com.ar\/web\/wp-content\/uploads\/2023\/03\/ACTIVI4.jpeg\"><img data-recalc-dims=\"1\" decoding=\"async\" width=\"640\" height=\"688\" data-src=\"https:\/\/i0.wp.com\/elterritorialweb.com.ar\/web\/wp-content\/uploads\/2023\/03\/ACTIVI4.jpeg?resize=640%2C688\" alt=\"\" class=\"wp-image-50297 lazyload\" data-srcset=\"https:\/\/i0.wp.com\/elterritorialweb.com.ar\/web\/wp-content\/uploads\/2023\/03\/ACTIVI4.jpeg?w=768&amp;ssl=1 768w, https:\/\/i0.wp.com\/elterritorialweb.com.ar\/web\/wp-content\/uploads\/2023\/03\/ACTIVI4.jpeg?resize=279%2C300&amp;ssl=1 279w\" data-sizes=\"(max-width: 640px) 100vw, 640px\" src=\"data:image\/svg+xml;base64,PHN2ZyB3aWR0aD0iMSIgaGVpZ2h0PSIxIiB4bWxucz0iaHR0cDovL3d3dy53My5vcmcvMjAwMC9zdmciPjwvc3ZnPg==\" style=\"--smush-placeholder-width: 640px; --smush-placeholder-aspect-ratio: 640\/688;\" \/><\/a><\/figure>\n\n\n\n<p>En la oportunidad, autoridades de la Oficina, entregaron folleter\u00eda y brindaron asesoramiento a los transe\u00fantes obre el servicio que brinda el organismo, as\u00ed como tambi\u00e9n participaron de una entrevista en una radio termense para abordar diversas tem\u00e1ticas.<\/p>\n","protected":false},"excerpt":{"rendered":"<p>En el transcurso del 8-M, el personal brind\u00f3 informaci\u00f3n y asesoramiento al p\u00fablico sobre el servicio que brinda a la comunidad<\/p>\n","protected":false},"author":2,"featured_media":50295,"comment_status":"open","ping_status":"open","sticky":false,"template":"","format":"standard","meta":{"om_disable_all_campaigns":false,"_monsterinsights_skip_tracking":false,"_monsterinsights_sitenote_active":false,"_monsterinsights_sitenote_note":"","_monsterinsights_sitenote_category":0,"_uf_show_specific_survey":0,"_uf_disable_surveys":false,"jetpack_post_was_ever_published":false,"_jetpack_newsletter_access":"","_jetpack_dont_email_post_to_subs":false,"_jetpack_newsletter_tier_id":0,"_jetpack_memberships_contains_paywalled_content":false,"_jetpack_memberships_contains_paid_content":false,"footnotes":"","jetpack_publicize_message":"","jetpack_publicize_feature_enabled":true,"jetpack_social_post_already_shared":true,"jetpack_social_options":{"image_generator_settings":{"template":"highway","default_image_id":0,"font":"","enabled":false},"version":2}},"categories":[21],"tags":[],"class_list":["post-50293","post","type-post","status-publish","format-standard","has-post-thumbnail","hentry","category-locales"],"aioseo_notices":[],"views":35,"jetpack_publicize_connections":[],"jetpack_featured_media_url":"https:\/\/i0.wp.com\/elterritorialweb.com.ar\/web\/wp-content\/uploads\/2023\/03\/ACTIVI.jpeg?fit=1040%2C780&ssl=1","jetpack_sharing_enabled":true,"_links":{"self":[{"href":"https:\/\/elterritorialweb.com.ar\/web\/wp-json\/wp\/v2\/posts\/50293","targetHints":{"allow":["GET"]}}],"collection":[{"href":"https:\/\/elterritorialweb.com.ar\/web\/wp-json\/wp\/v2\/posts"}],"about":[{"href":"https:\/\/elterritorialweb.com.ar\/web\/wp-json\/wp\/v2\/types\/post"}],"author":[{"embeddable":true,"href":"https:\/\/elterritorialweb.com.ar\/web\/wp-json\/wp\/v2\/users\/2"}],"replies":[{"embeddable":true,"href":"https:\/\/elterritorialweb.com.ar\/web\/wp-json\/wp\/v2\/comments?post=50293"}],"version-history":[{"count":1,"href":"https:\/\/elterritorialweb.com.ar\/web\/wp-json\/wp\/v2\/posts\/50293\/revisions"}],"predecessor-version":[{"id":50299,"href":"https:\/\/elterritorialweb.com.ar\/web\/wp-json\/wp\/v2\/posts\/50293\/revisions\/50299"}],"wp:featuredmedia":[{"embeddable":true,"href":"https:\/\/elterritorialweb.com.ar\/web\/wp-json\/wp\/v2\/media\/50295"}],"wp:attachment":[{"href":"https:\/\/elterritorialweb.com.ar\/web\/wp-json\/wp\/v2\/media?parent=50293"}],"wp:term":[{"taxonomy":"category","embeddable":true,"href":"https:\/\/elterritorialweb.com.ar\/web\/wp-json\/wp\/v2\/categories?post=50293"},{"taxonomy":"post_tag","embeddable":true,"href":"https:\/\/elterritorialweb.com.ar\/web\/wp-json\/wp\/v2\/tags?post=50293"}],"curies":[{"name":"wp","href":"https:\/\/api.w.org\/{rel}","templated":true}]}}