{"id":50300,"date":"2023-03-09T21:06:16","date_gmt":"2023-03-09T21:06:16","guid":{"rendered":"http:\/\/elterritorialweb.com.ar\/web\/?p=50300"},"modified":"2023-03-09T21:19:37","modified_gmt":"2023-03-09T21:19:37","slug":"el-consejo-de-la-magistratura-efectuo-su-primera-reunion-plenaria-de-este-ano","status":"publish","type":"post","link":"https:\/\/elterritorialweb.com.ar\/web\/el-consejo-de-la-magistratura-efectuo-su-primera-reunion-plenaria-de-este-ano\/","title":{"rendered":"EL CONSEJO DE LA MAGISTRATURA EFECTU\u00d3 SU PRIMERA REUNI\u00d3N PLENARIA DE ESTE A\u00d1O"},"content":{"rendered":"\n<p>Los consejeros mantuvieron su primer encuentro formal de 2023 en la Sala de Presidencia del Poder Judicial provincial, oportunidad en la que abordaron diferentes asuntos programados en la agenda del d\u00eda.<\/p>\n\n\n\n<p>En un primer momento, la secretaria del cuerpo, Dra. Mar\u00eda Eugenia Granda, ley\u00f3 el acta correspondiente a la reuni\u00f3n anterior, luego de lo cual se comenz\u00f3 con la integraci\u00f3n de las comisiones de trabajo para el a\u00f1o en curso. En tanto, se dio ingreso a nuevas denuncias y se suscribi\u00f3 una resoluci\u00f3n.<\/p>\n\n\n\n<p>En esta oportunidad, estuvieron presentes el Dr. L\u00f3pez Alzogaray, titular del cuerpo y los miembros que representan al Poder Judicial y\u00a0los Ministerios P\u00fablicos de la Defensa y Fiscal, Dres.\u00a0Juan Alende More y Cristian Vittar.<\/p>\n\n\n\n<p>Por su parte, concurrieron los diputados provinciales\u00a0Dra.\u00a0Mar\u00eda Soledad Ram\u00edrez y Sr. Juan Sequeira y los abogados de la matr\u00edcula local, Dres. Luis Lugones y Claudia Zeman.<\/p>\n\n\n\n<p>Cabe recordar que el Consejo de la Magistratura est\u00e1 integrado por nueve personas, encabezado por el presidente del Superior Tribunal de Justicia. Otros dos miembros pertenecen al Poder Judicial; tres son diputados de la Legislatura Provincial y los tres restantes, profesionales del Derecho que est\u00e1n matriculados en el Colegio de Abogados de Santiago del Estero.<\/p>\n","protected":false},"excerpt":{"rendered":"<p>El presidente del organismo provincial, Dr. Federico L\u00f3pez Alzogaray, encabez\u00f3 las deliberaciones<\/p>\n","protected":false},"author":2,"featured_media":50301,"comment_status":"open","ping_status":"open","sticky":false,"template":"","format":"standard","meta":{"om_disable_all_campaigns":false,"_monsterinsights_skip_tracking":false,"_monsterinsights_sitenote_active":false,"_monsterinsights_sitenote_note":"","_monsterinsights_sitenote_category":0,"_uf_show_specific_survey":0,"_uf_disable_surveys":false,"jetpack_post_was_ever_published":false,"_jetpack_newsletter_access":"","_jetpack_dont_email_post_to_subs":false,"_jetpack_newsletter_tier_id":0,"_jetpack_memberships_contains_paywalled_content":false,"_jetpack_memberships_contains_paid_content":false,"footnotes":"","jetpack_publicize_message":"","jetpack_publicize_feature_enabled":true,"jetpack_social_post_already_shared":true,"jetpack_social_options":{"image_generator_settings":{"template":"highway","default_image_id":0,"font":"","enabled":false},"version":2}},"categories":[3],"tags":[],"class_list":["post-50300","post","type-post","status-publish","format-standard","has-post-thumbnail","hentry","category-salud"],"aioseo_notices":[],"views":10,"jetpack_publicize_connections":[],"jetpack_featured_media_url":"https:\/\/i0.wp.com\/elterritorialweb.com.ar\/web\/wp-content\/uploads\/2023\/03\/Reunion-Consejo-de-la-Magistratura2.jpg?fit=1024%2C578&ssl=1","jetpack_sharing_enabled":true,"_links":{"self":[{"href":"https:\/\/elterritorialweb.com.ar\/web\/wp-json\/wp\/v2\/posts\/50300","targetHints":{"allow":["GET"]}}],"collection":[{"href":"https:\/\/elterritorialweb.com.ar\/web\/wp-json\/wp\/v2\/posts"}],"about":[{"href":"https:\/\/elterritorialweb.com.ar\/web\/wp-json\/wp\/v2\/types\/post"}],"author":[{"embeddable":true,"href":"https:\/\/elterritorialweb.com.ar\/web\/wp-json\/wp\/v2\/users\/2"}],"replies":[{"embeddable":true,"href":"https:\/\/elterritorialweb.com.ar\/web\/wp-json\/wp\/v2\/comments?post=50300"}],"version-history":[{"count":1,"href":"https:\/\/elterritorialweb.com.ar\/web\/wp-json\/wp\/v2\/posts\/50300\/revisions"}],"predecessor-version":[{"id":50302,"href":"https:\/\/elterritorialweb.com.ar\/web\/wp-json\/wp\/v2\/posts\/50300\/revisions\/50302"}],"wp:featuredmedia":[{"embeddable":true,"href":"https:\/\/elterritorialweb.com.ar\/web\/wp-json\/wp\/v2\/media\/50301"}],"wp:attachment":[{"href":"https:\/\/elterritorialweb.com.ar\/web\/wp-json\/wp\/v2\/media?parent=50300"}],"wp:term":[{"taxonomy":"category","embeddable":true,"href":"https:\/\/elterritorialweb.com.ar\/web\/wp-json\/wp\/v2\/categories?post=50300"},{"taxonomy":"post_tag","embeddable":true,"href":"https:\/\/elterritorialweb.com.ar\/web\/wp-json\/wp\/v2\/tags?post=50300"}],"curies":[{"name":"wp","href":"https:\/\/api.w.org\/{rel}","templated":true}]}}