{"id":50303,"date":"2023-03-09T21:41:02","date_gmt":"2023-03-09T21:41:02","guid":{"rendered":"http:\/\/elterritorialweb.com.ar\/web\/?p=50303"},"modified":"2023-03-09T21:41:05","modified_gmt":"2023-03-09T21:41:05","slug":"invitan-al-2-congreso-provincial-de-la-mujer","status":"publish","type":"post","link":"https:\/\/elterritorialweb.com.ar\/web\/invitan-al-2-congreso-provincial-de-la-mujer\/","title":{"rendered":"INVITAN AL 2\u00b0 CONGRESO PROVINCIAL DE LA MUJER"},"content":{"rendered":"\n<p>En ambas jornadas las actividades comenzar\u00e1n a las 15, se otorgar\u00e1 puntaje docente y est\u00e1n previstos debates, conferencias y talleres buscando una mirada acad\u00e9mica, social y pol\u00edtica.<br>El anuncio fue realizado este jueves en la Universidad Nacional de Santiago del Estero, a cargo de la representante de la Asociaci\u00f3n Mama \u201cUn Colectivo de Sue\u00f1os\u201d, Graciela Molina; de la vicerrectora de la Unse, Marcela Ju\u00e1rez; junto con integrantes de la entidad organizadora, Camila Torres y Soledad Molina.<br>Seg\u00fan explic\u00f3 Graciela Molina, \u201cel objetivo de este a\u00f1o es ampliar con distintas miradas, en base a dos jornadas en las que se espera que puedan disfrutar y compartir con otras mujeres. Se contar\u00e1 con la alocuci\u00f3n de 16 disertantes profesionales y con el acompa\u00f1amiento de puntaje docente. Pueden inscribirse a trav\u00e9s de la p\u00e1gina de Facebook Mama, Un colectivo de sue\u00f1os.<br>Por su parte, Marcela Ju\u00e1rez dijo: \u201cDesde la universidad venimos trabajando de manera conjunta con Mama desde hace ya un a\u00f1o, tras haber firmado el convenio que se mantiene a\u00fan vigente\u201d; destac\u00f3 tambi\u00e9n que en esta oportunidad integrantes acad\u00e9micos acompa\u00f1ar\u00e1n con el dictado de cursos e invit\u00f3 a todos los interesados en la tem\u00e1tica.<\/p>\n","protected":false},"excerpt":{"rendered":"<p>El viernes 17 y s\u00e1bado 18 de marzo se realizar\u00e1 en el predio del Concejo Deliberante de la ciudad Capital (frente a la vieja estaci\u00f3n) el 2\u00b0 Congreso Provincial de la Mujer, bajo el lema \u201cMujeres en tiempo de amor propio\u201d.<\/p>\n","protected":false},"author":2,"featured_media":50304,"comment_status":"open","ping_status":"open","sticky":false,"template":"","format":"standard","meta":{"om_disable_all_campaigns":false,"_monsterinsights_skip_tracking":false,"_monsterinsights_sitenote_active":false,"_monsterinsights_sitenote_note":"","_monsterinsights_sitenote_category":0,"_uf_show_specific_survey":0,"_uf_disable_surveys":false,"jetpack_post_was_ever_published":false,"_jetpack_newsletter_access":"","_jetpack_dont_email_post_to_subs":false,"_jetpack_newsletter_tier_id":0,"_jetpack_memberships_contains_paywalled_content":false,"_jetpack_memberships_contains_paid_content":false,"footnotes":"","jetpack_publicize_message":"","jetpack_publicize_feature_enabled":true,"jetpack_social_post_already_shared":true,"jetpack_social_options":{"image_generator_settings":{"template":"highway","default_image_id":0,"font":"","enabled":false},"version":2}},"categories":[21],"tags":[],"class_list":["post-50303","post","type-post","status-publish","format-standard","has-post-thumbnail","hentry","category-locales"],"aioseo_notices":[],"views":15,"jetpack_publicize_connections":[],"jetpack_featured_media_url":"https:\/\/i0.wp.com\/elterritorialweb.com.ar\/web\/wp-content\/uploads\/2023\/03\/WhatsApp-Image-2023-03-09-at-18.41.06.jpeg?fit=1600%2C1067&ssl=1","jetpack_sharing_enabled":true,"_links":{"self":[{"href":"https:\/\/elterritorialweb.com.ar\/web\/wp-json\/wp\/v2\/posts\/50303","targetHints":{"allow":["GET"]}}],"collection":[{"href":"https:\/\/elterritorialweb.com.ar\/web\/wp-json\/wp\/v2\/posts"}],"about":[{"href":"https:\/\/elterritorialweb.com.ar\/web\/wp-json\/wp\/v2\/types\/post"}],"author":[{"embeddable":true,"href":"https:\/\/elterritorialweb.com.ar\/web\/wp-json\/wp\/v2\/users\/2"}],"replies":[{"embeddable":true,"href":"https:\/\/elterritorialweb.com.ar\/web\/wp-json\/wp\/v2\/comments?post=50303"}],"version-history":[{"count":1,"href":"https:\/\/elterritorialweb.com.ar\/web\/wp-json\/wp\/v2\/posts\/50303\/revisions"}],"predecessor-version":[{"id":50305,"href":"https:\/\/elterritorialweb.com.ar\/web\/wp-json\/wp\/v2\/posts\/50303\/revisions\/50305"}],"wp:featuredmedia":[{"embeddable":true,"href":"https:\/\/elterritorialweb.com.ar\/web\/wp-json\/wp\/v2\/media\/50304"}],"wp:attachment":[{"href":"https:\/\/elterritorialweb.com.ar\/web\/wp-json\/wp\/v2\/media?parent=50303"}],"wp:term":[{"taxonomy":"category","embeddable":true,"href":"https:\/\/elterritorialweb.com.ar\/web\/wp-json\/wp\/v2\/categories?post=50303"},{"taxonomy":"post_tag","embeddable":true,"href":"https:\/\/elterritorialweb.com.ar\/web\/wp-json\/wp\/v2\/tags?post=50303"}],"curies":[{"name":"wp","href":"https:\/\/api.w.org\/{rel}","templated":true}]}}