{"id":50306,"date":"2023-03-09T21:47:52","date_gmt":"2023-03-09T21:47:52","guid":{"rendered":"http:\/\/elterritorialweb.com.ar\/web\/?p=50306"},"modified":"2023-03-09T22:00:45","modified_gmt":"2023-03-09T22:00:45","slug":"habilitan-en-el-cis-banda-el-primer-servicio-de-dialisis-peritoneal-ambulatorio-de-la-provincia","status":"publish","type":"post","link":"https:\/\/elterritorialweb.com.ar\/web\/habilitan-en-el-cis-banda-el-primer-servicio-de-dialisis-peritoneal-ambulatorio-de-la-provincia\/","title":{"rendered":"HABILITAN EN EL CIS BANDA EL PRIMER SERVICIO DE DI\u00c1LISIS PERITONEAL AMBULATORIO DE LA PROVINCIA"},"content":{"rendered":"\n<p>El acto se realiz\u00f3 con la presencia de la ministra de Salud, Natividad Nassif; el subsecretario de Salud, C\u00e9sar Monti; el director del Cisb, Edgardo Zanoni; el referente del Programa de Abordaje Integral de la Enfermedad Renal Cr\u00f3nica y jefe del Servicio de Di\u00e1lisis Peritoneal, Mario Ugozzolli, entras otras autoridades del sistema sanitario provincial<br>La habilitaci\u00f3n de este servicio forma parte de una de las actividades programadas por el Ministerio de Salud de la provincia para concientizar acerca de la importancia sobre la salud renal y reducir as\u00ed la frecuencia y el impacto de la enfermedad renal y sus problemas asociados de salud.<br>En ese sentido, la ministra expres\u00f3: \u201cEn este D\u00eda Mundial del Ri\u00f1\u00f3n expandimos la capacidad del sistema p\u00fablico de salud, para que todos los santiague\u00f1os en situaci\u00f3n de vulnerabilidad puedan acceder al nuevo servicio de di\u00e1lisis. Conmemoramos el Mes del Ri\u00f1\u00f3n con el fin de concientizar sobre los riesgos de la enfermedad renal, siendo esta una enfermedad que aumenta su prevalencia con la edad y est\u00e1 asociada a otras enfermedades no transmisibles\u201d.<\/p>\n\n\n\n<figure class=\"wp-block-image size-large\"><a href=\"https:\/\/i0.wp.com\/elterritorialweb.com.ar\/web\/wp-content\/uploads\/2023\/03\/WhatsApp-Image-2023-03-09-at-18.41.07-1.jpeg\"><img data-recalc-dims=\"1\" decoding=\"async\" width=\"640\" height=\"427\" data-src=\"https:\/\/i0.wp.com\/elterritorialweb.com.ar\/web\/wp-content\/uploads\/2023\/03\/WhatsApp-Image-2023-03-09-at-18.41.07-1.jpeg?resize=640%2C427\" alt=\"\" class=\"wp-image-50307 lazyload\" data-srcset=\"https:\/\/i0.wp.com\/elterritorialweb.com.ar\/web\/wp-content\/uploads\/2023\/03\/WhatsApp-Image-2023-03-09-at-18.41.07-1.jpeg?resize=1024%2C683&amp;ssl=1 1024w, https:\/\/i0.wp.com\/elterritorialweb.com.ar\/web\/wp-content\/uploads\/2023\/03\/WhatsApp-Image-2023-03-09-at-18.41.07-1.jpeg?resize=300%2C200&amp;ssl=1 300w, https:\/\/i0.wp.com\/elterritorialweb.com.ar\/web\/wp-content\/uploads\/2023\/03\/WhatsApp-Image-2023-03-09-at-18.41.07-1.jpeg?resize=768%2C512&amp;ssl=1 768w, https:\/\/i0.wp.com\/elterritorialweb.com.ar\/web\/wp-content\/uploads\/2023\/03\/WhatsApp-Image-2023-03-09-at-18.41.07-1.jpeg?resize=1536%2C1024&amp;ssl=1 1536w, https:\/\/i0.wp.com\/elterritorialweb.com.ar\/web\/wp-content\/uploads\/2023\/03\/WhatsApp-Image-2023-03-09-at-18.41.07-1.jpeg?w=1600&amp;ssl=1 1600w, https:\/\/i0.wp.com\/elterritorialweb.com.ar\/web\/wp-content\/uploads\/2023\/03\/WhatsApp-Image-2023-03-09-at-18.41.07-1.jpeg?w=1280 1280w\" data-sizes=\"(max-width: 640px) 100vw, 640px\" src=\"data:image\/svg+xml;base64,PHN2ZyB3aWR0aD0iMSIgaGVpZ2h0PSIxIiB4bWxucz0iaHR0cDovL3d3dy53My5vcmcvMjAwMC9zdmciPjwvc3ZnPg==\" style=\"--smush-placeholder-width: 640px; --smush-placeholder-aspect-ratio: 640\/427;\" \/><\/a><\/figure>\n\n\n\n<p>De igual manera, el Dr. C\u00e9sar Monti hizo hincapi\u00e9 en las ventajas de la di\u00e1lisis peritoneal. \u201cDebido al porcentaje de personas que padecen enfermedades renales cr\u00f3nicas, que deben trasladarse a grandes distancias para asistir a la hemodi\u00e1lisis, el Gobierno de la provincia gestion\u00f3 la incorporaci\u00f3n de este servicio vital. Con este m\u00e9todo, el paciente podr\u00e1 realizar el tratamiento en su domicilio, primero deber\u00e1 acercarse al servicio para ser capacitado, luego se le entregar\u00e1 un kit con insumos para que \u00e9l mismo pueda utilizar y recibir\u00e1 el acompa\u00f1amiento oportuno del equipo de salud\u201d, explic\u00f3.<br>A su turno, el Dr. Zanoni agradeci\u00f3 el haber elegido al Centro Integral de Salud Banda como el primero en la provincia donde se prestar\u00e1 el servicio de di\u00e1lisis peritoneal. \u201cPoder desarrollar esta unidad de di\u00e1lisis en nuestro hospital \u2013dijo- es muy importante y trabajaremos arduamente para atender esta problem\u00e1tica de salud que avanza d\u00eda a d\u00eda. La di\u00e1lisis peritoneal es una alternativa que brindar\u00e1 m\u00e1s posibilidades de atenci\u00f3n m\u00e9dica a los pacientes que no pueden acceder a la hemodi\u00e1lisis, sobre todo aquellos que residen en el interior de la provincia.\u201d<br>Para finalizar, el Dr. Ugozzolli destac\u00f3 la autonom\u00eda del paciente como una de las principales ventajas que ofrece la di\u00e1lisis peritoneal frente a la hemodi\u00e1lisis. Sin embargo, aclar\u00f3 que \u201cse requiere que los pacientes adquieran la destreza para respetar paso a paso las indicaciones de uso\u201d.<\/p>\n","protected":false},"excerpt":{"rendered":"<p>En el D\u00eda Mundial del Ri\u00f1\u00f3n, este jueves por la ma\u00f1ana fue oficialmente habilitado el primer Servicio de Di\u00e1lisis Peritoneal Ambulatorio de la provincia, que funcionar\u00e1 en el Centro Integral de Salud Banda, destinado a los pacientes con diagn\u00f3stico de enfermedad renal cr\u00f3nica, estadio V, quienes podr\u00e1n acceder al tratamiento en sus domicilios, sin dejar de lado la atenci\u00f3n y contenci\u00f3n del equipo de salud.<\/p>\n","protected":false},"author":2,"featured_media":50308,"comment_status":"open","ping_status":"open","sticky":false,"template":"","format":"standard","meta":{"om_disable_all_campaigns":false,"_monsterinsights_skip_tracking":false,"_monsterinsights_sitenote_active":false,"_monsterinsights_sitenote_note":"","_monsterinsights_sitenote_category":0,"_uf_show_specific_survey":0,"_uf_disable_surveys":false,"jetpack_post_was_ever_published":false,"_jetpack_newsletter_access":"","_jetpack_dont_email_post_to_subs":false,"_jetpack_newsletter_tier_id":0,"_jetpack_memberships_contains_paywalled_content":false,"_jetpack_memberships_contains_paid_content":false,"footnotes":"","jetpack_publicize_message":"","jetpack_publicize_feature_enabled":true,"jetpack_social_post_already_shared":true,"jetpack_social_options":{"image_generator_settings":{"template":"highway","default_image_id":0,"font":"","enabled":false},"version":2}},"categories":[4,3],"tags":[],"class_list":["post-50306","post","type-post","status-publish","format-standard","has-post-thumbnail","hentry","category-destacadas","category-salud"],"aioseo_notices":[],"views":17,"jetpack_publicize_connections":[],"jetpack_featured_media_url":"https:\/\/i0.wp.com\/elterritorialweb.com.ar\/web\/wp-content\/uploads\/2023\/03\/WhatsApp-Image-2023-03-09-at-18.41.07.jpeg?fit=1600%2C1066&ssl=1","jetpack_sharing_enabled":true,"_links":{"self":[{"href":"https:\/\/elterritorialweb.com.ar\/web\/wp-json\/wp\/v2\/posts\/50306","targetHints":{"allow":["GET"]}}],"collection":[{"href":"https:\/\/elterritorialweb.com.ar\/web\/wp-json\/wp\/v2\/posts"}],"about":[{"href":"https:\/\/elterritorialweb.com.ar\/web\/wp-json\/wp\/v2\/types\/post"}],"author":[{"embeddable":true,"href":"https:\/\/elterritorialweb.com.ar\/web\/wp-json\/wp\/v2\/users\/2"}],"replies":[{"embeddable":true,"href":"https:\/\/elterritorialweb.com.ar\/web\/wp-json\/wp\/v2\/comments?post=50306"}],"version-history":[{"count":1,"href":"https:\/\/elterritorialweb.com.ar\/web\/wp-json\/wp\/v2\/posts\/50306\/revisions"}],"predecessor-version":[{"id":50309,"href":"https:\/\/elterritorialweb.com.ar\/web\/wp-json\/wp\/v2\/posts\/50306\/revisions\/50309"}],"wp:featuredmedia":[{"embeddable":true,"href":"https:\/\/elterritorialweb.com.ar\/web\/wp-json\/wp\/v2\/media\/50308"}],"wp:attachment":[{"href":"https:\/\/elterritorialweb.com.ar\/web\/wp-json\/wp\/v2\/media?parent=50306"}],"wp:term":[{"taxonomy":"category","embeddable":true,"href":"https:\/\/elterritorialweb.com.ar\/web\/wp-json\/wp\/v2\/categories?post=50306"},{"taxonomy":"post_tag","embeddable":true,"href":"https:\/\/elterritorialweb.com.ar\/web\/wp-json\/wp\/v2\/tags?post=50306"}],"curies":[{"name":"wp","href":"https:\/\/api.w.org\/{rel}","templated":true}]}}