{"id":50310,"date":"2023-03-09T21:52:43","date_gmt":"2023-03-09T21:52:43","guid":{"rendered":"http:\/\/elterritorialweb.com.ar\/web\/?p=50310"},"modified":"2023-03-09T21:54:04","modified_gmt":"2023-03-09T21:54:04","slug":"jovenes-santiaguenos-visitan-cordoba-a-traves-del-programa-de-turismo-social-juventur","status":"publish","type":"post","link":"https:\/\/elterritorialweb.com.ar\/web\/jovenes-santiaguenos-visitan-cordoba-a-traves-del-programa-de-turismo-social-juventur\/","title":{"rendered":"J\u00d3VENES SANTIAGUE\u00d1OS VISITAN C\u00d3RDOBA A TRAV\u00c9S DEL PROGRAMA DE TURISMO SOCIAL JUVENTUR"},"content":{"rendered":"\n<p>Esta actividad se desarrolla en el marco del programa de turismo social juvenil \u00abJuventur\u00bb, dise\u00f1ado por la Mesa Federal de Juventudes, integrada por todos los funcionarios provinciales de juventudes y ejecutado por el Instituto Nacional de Juventudes (Injuve).<br>El programa Juventur contempla en todas sus jornadas una serie de diferentes actividades recreativas, l\u00fadicas, deportivas y de capacitaci\u00f3n en diferentes tem\u00e1ticas de inter\u00e9s de esta franja etaria, que se comparte con j\u00f3venes de otras provincias.<br>La delegaci\u00f3n de Santiago del Estero est\u00e1 coordinada por Ariel Zorribas y Luis Llanos, directores generales de juventudes de la provincia y de la Municipalidad de la Capital, respectivamente.<\/p>\n","protected":false},"excerpt":{"rendered":"<p>La Direcci\u00f3n General de la Juventud de la Provincia, dependiente de Jefatura de Gabinete de ministros, invit\u00f3 a un contingente de 50 j\u00f3venes, de 18 a 25 a\u00f1os de edad provenientes de diferentes lugares de Santiago del Estero, a visitar la Unidad Tur\u00edstica Embalse de la provincia de C\u00f3rdoba, del 7 al 13 de marzo.<\/p>\n","protected":false},"author":2,"featured_media":50312,"comment_status":"open","ping_status":"open","sticky":false,"template":"","format":"standard","meta":{"om_disable_all_campaigns":false,"_monsterinsights_skip_tracking":false,"_monsterinsights_sitenote_active":false,"_monsterinsights_sitenote_note":"","_monsterinsights_sitenote_category":0,"_uf_show_specific_survey":0,"_uf_disable_surveys":false,"jetpack_post_was_ever_published":false,"_jetpack_newsletter_access":"","_jetpack_dont_email_post_to_subs":false,"_jetpack_newsletter_tier_id":0,"_jetpack_memberships_contains_paywalled_content":false,"_jetpack_memberships_contains_paid_content":false,"footnotes":"","jetpack_publicize_message":"","jetpack_publicize_feature_enabled":true,"jetpack_social_post_already_shared":true,"jetpack_social_options":{"image_generator_settings":{"template":"highway","default_image_id":0,"font":"","enabled":false},"version":2}},"categories":[29],"tags":[],"class_list":["post-50310","post","type-post","status-publish","format-standard","has-post-thumbnail","hentry","category-turismo"],"aioseo_notices":[],"views":12,"jetpack_publicize_connections":[],"jetpack_featured_media_url":"https:\/\/i0.wp.com\/elterritorialweb.com.ar\/web\/wp-content\/uploads\/2023\/03\/WhatsApp-Image-2023-03-09-at-20.51.22.jpeg?fit=1600%2C900&ssl=1","jetpack_sharing_enabled":true,"_links":{"self":[{"href":"https:\/\/elterritorialweb.com.ar\/web\/wp-json\/wp\/v2\/posts\/50310","targetHints":{"allow":["GET"]}}],"collection":[{"href":"https:\/\/elterritorialweb.com.ar\/web\/wp-json\/wp\/v2\/posts"}],"about":[{"href":"https:\/\/elterritorialweb.com.ar\/web\/wp-json\/wp\/v2\/types\/post"}],"author":[{"embeddable":true,"href":"https:\/\/elterritorialweb.com.ar\/web\/wp-json\/wp\/v2\/users\/2"}],"replies":[{"embeddable":true,"href":"https:\/\/elterritorialweb.com.ar\/web\/wp-json\/wp\/v2\/comments?post=50310"}],"version-history":[{"count":1,"href":"https:\/\/elterritorialweb.com.ar\/web\/wp-json\/wp\/v2\/posts\/50310\/revisions"}],"predecessor-version":[{"id":50311,"href":"https:\/\/elterritorialweb.com.ar\/web\/wp-json\/wp\/v2\/posts\/50310\/revisions\/50311"}],"wp:featuredmedia":[{"embeddable":true,"href":"https:\/\/elterritorialweb.com.ar\/web\/wp-json\/wp\/v2\/media\/50312"}],"wp:attachment":[{"href":"https:\/\/elterritorialweb.com.ar\/web\/wp-json\/wp\/v2\/media?parent=50310"}],"wp:term":[{"taxonomy":"category","embeddable":true,"href":"https:\/\/elterritorialweb.com.ar\/web\/wp-json\/wp\/v2\/categories?post=50310"},{"taxonomy":"post_tag","embeddable":true,"href":"https:\/\/elterritorialweb.com.ar\/web\/wp-json\/wp\/v2\/tags?post=50310"}],"curies":[{"name":"wp","href":"https:\/\/api.w.org\/{rel}","templated":true}]}}