{"id":50313,"date":"2023-03-09T21:59:57","date_gmt":"2023-03-09T21:59:57","guid":{"rendered":"http:\/\/elterritorialweb.com.ar\/web\/?p=50313"},"modified":"2023-03-09T22:00:01","modified_gmt":"2023-03-09T22:00:01","slug":"mujeres-municipales-celebraron-su-dia-con-una-destacada-actividad-recreativa","status":"publish","type":"post","link":"https:\/\/elterritorialweb.com.ar\/web\/mujeres-municipales-celebraron-su-dia-con-una-destacada-actividad-recreativa\/","title":{"rendered":"MUJERES MUNICIPALES CELEBRARON SU D\u00cdA CON UNA DESTACADA ACTIVIDAD RECREATIVA"},"content":{"rendered":"\n<p>Esta actividad se realiz\u00f3 el mi\u00e9rcoles a la tarde en las instalaciones del Club Ciclista Ol\u00edmpico donde participaron empleadas municipales de todas las \u00e1reas de la comuna y el Honorable Concejo Deliberante.<br>En la oportunidad, tambi\u00e9n se sortearon importantes premios como dos motoveh\u00edculos, Zanella ZB de 110 cent\u00edmetros c\u00fabicos y Keller de 110 cent\u00edmetros c\u00fabicos, siendo las afortunadas ganadoras Florencia Gim\u00e9nez del equipo de trabajo de la diputada Provincial Mariana Morales y Flavia Daiana Chami de la Subsecretar\u00eda de Ordenamiento Urbano.<\/p>\n\n\n\n<figure class=\"wp-block-image size-large\"><a href=\"https:\/\/i0.wp.com\/elterritorialweb.com.ar\/web\/wp-content\/uploads\/2023\/03\/WhatsApp-Image-2023-03-09-at-17.09.50-1.jpeg\"><img data-recalc-dims=\"1\" decoding=\"async\" width=\"640\" height=\"370\" data-src=\"https:\/\/i0.wp.com\/elterritorialweb.com.ar\/web\/wp-content\/uploads\/2023\/03\/WhatsApp-Image-2023-03-09-at-17.09.50-1.jpeg?resize=640%2C370\" alt=\"\" class=\"wp-image-50314 lazyload\" data-srcset=\"https:\/\/i0.wp.com\/elterritorialweb.com.ar\/web\/wp-content\/uploads\/2023\/03\/WhatsApp-Image-2023-03-09-at-17.09.50-1.jpeg?resize=1024%2C592&amp;ssl=1 1024w, https:\/\/i0.wp.com\/elterritorialweb.com.ar\/web\/wp-content\/uploads\/2023\/03\/WhatsApp-Image-2023-03-09-at-17.09.50-1.jpeg?resize=300%2C173&amp;ssl=1 300w, https:\/\/i0.wp.com\/elterritorialweb.com.ar\/web\/wp-content\/uploads\/2023\/03\/WhatsApp-Image-2023-03-09-at-17.09.50-1.jpeg?resize=768%2C444&amp;ssl=1 768w, https:\/\/i0.wp.com\/elterritorialweb.com.ar\/web\/wp-content\/uploads\/2023\/03\/WhatsApp-Image-2023-03-09-at-17.09.50-1.jpeg?resize=1536%2C888&amp;ssl=1 1536w, https:\/\/i0.wp.com\/elterritorialweb.com.ar\/web\/wp-content\/uploads\/2023\/03\/WhatsApp-Image-2023-03-09-at-17.09.50-1.jpeg?w=1562&amp;ssl=1 1562w, https:\/\/i0.wp.com\/elterritorialweb.com.ar\/web\/wp-content\/uploads\/2023\/03\/WhatsApp-Image-2023-03-09-at-17.09.50-1.jpeg?w=1280 1280w\" data-sizes=\"(max-width: 640px) 100vw, 640px\" src=\"data:image\/svg+xml;base64,PHN2ZyB3aWR0aD0iMSIgaGVpZ2h0PSIxIiB4bWxucz0iaHR0cDovL3d3dy53My5vcmcvMjAwMC9zdmciPjwvc3ZnPg==\" style=\"--smush-placeholder-width: 640px; --smush-placeholder-aspect-ratio: 640\/370;\" \/><\/a><\/figure>\n\n\n\n<p>Tambi\u00e9n se sortearon dos pasajes a C\u00f3rdoba ida y vuelta, resultando ganadora Damiana Alejandra Corpus, enfermera del CAMM N\u00b02 del barrio San Fernando, y dos premios de $5.000 en efectivo resultando ganaradoras Patricia T\u00e9vez, docente de la Escuela Secundaria Municipal \u00abAda Nilda Alderete y Camila V\u00e1zquez del Obrador Misqui Mayu.<\/p>\n\n\n\n<figure class=\"wp-block-image size-large\"><a href=\"https:\/\/i0.wp.com\/elterritorialweb.com.ar\/web\/wp-content\/uploads\/2023\/03\/WhatsApp-Image-2023-03-09-at-17.09.51.jpeg\"><img data-recalc-dims=\"1\" decoding=\"async\" width=\"640\" height=\"473\" data-src=\"https:\/\/i0.wp.com\/elterritorialweb.com.ar\/web\/wp-content\/uploads\/2023\/03\/WhatsApp-Image-2023-03-09-at-17.09.51.jpeg?resize=640%2C473\" alt=\"\" class=\"wp-image-50317 lazyload\" data-srcset=\"https:\/\/i0.wp.com\/elterritorialweb.com.ar\/web\/wp-content\/uploads\/2023\/03\/WhatsApp-Image-2023-03-09-at-17.09.51.jpeg?resize=1024%2C756&amp;ssl=1 1024w, https:\/\/i0.wp.com\/elterritorialweb.com.ar\/web\/wp-content\/uploads\/2023\/03\/WhatsApp-Image-2023-03-09-at-17.09.51.jpeg?resize=300%2C221&amp;ssl=1 300w, https:\/\/i0.wp.com\/elterritorialweb.com.ar\/web\/wp-content\/uploads\/2023\/03\/WhatsApp-Image-2023-03-09-at-17.09.51.jpeg?resize=768%2C567&amp;ssl=1 768w, https:\/\/i0.wp.com\/elterritorialweb.com.ar\/web\/wp-content\/uploads\/2023\/03\/WhatsApp-Image-2023-03-09-at-17.09.51.jpeg?w=1463&amp;ssl=1 1463w, https:\/\/i0.wp.com\/elterritorialweb.com.ar\/web\/wp-content\/uploads\/2023\/03\/WhatsApp-Image-2023-03-09-at-17.09.51.jpeg?w=1280 1280w\" data-sizes=\"(max-width: 640px) 100vw, 640px\" src=\"data:image\/svg+xml;base64,PHN2ZyB3aWR0aD0iMSIgaGVpZ2h0PSIxIiB4bWxucz0iaHR0cDovL3d3dy53My5vcmcvMjAwMC9zdmciPjwvc3ZnPg==\" style=\"--smush-placeholder-width: 640px; --smush-placeholder-aspect-ratio: 640\/473;\" \/><\/a><\/figure>\n\n\n\n<p>En la oportunidad, el intendente Roger Nediani destac\u00f3: \u00abEn estos momentos estamos acompa\u00f1ando este Bingo organizado por la Secretar\u00eda de Gobierno donde est\u00e1n participando una importante cantidad de mujeres que cada d\u00eda trabajan y se esfuerzan para mejorar cada vez m\u00e1s la ciudad. Todas en las diferentes \u00e1reas han venido trabajando con mucho compromiso y eso es invalorable, por eso vaya mi agradecimiento y felicitaciones a todas ellas, y convocarlas a seguir trabajando por el engrandecimiento de la ciudad de La Banda\u201d.<\/p>\n\n\n\n<figure class=\"wp-block-image size-large\"><a href=\"https:\/\/i0.wp.com\/elterritorialweb.com.ar\/web\/wp-content\/uploads\/2023\/03\/WhatsApp-Image-2023-03-09-at-17.09.52.jpeg\"><img data-recalc-dims=\"1\" decoding=\"async\" width=\"640\" height=\"481\" data-src=\"https:\/\/i0.wp.com\/elterritorialweb.com.ar\/web\/wp-content\/uploads\/2023\/03\/WhatsApp-Image-2023-03-09-at-17.09.52.jpeg?resize=640%2C481\" alt=\"\" class=\"wp-image-50318 lazyload\" data-srcset=\"https:\/\/i0.wp.com\/elterritorialweb.com.ar\/web\/wp-content\/uploads\/2023\/03\/WhatsApp-Image-2023-03-09-at-17.09.52.jpeg?resize=1024%2C769&amp;ssl=1 1024w, https:\/\/i0.wp.com\/elterritorialweb.com.ar\/web\/wp-content\/uploads\/2023\/03\/WhatsApp-Image-2023-03-09-at-17.09.52.jpeg?resize=300%2C225&amp;ssl=1 300w, https:\/\/i0.wp.com\/elterritorialweb.com.ar\/web\/wp-content\/uploads\/2023\/03\/WhatsApp-Image-2023-03-09-at-17.09.52.jpeg?resize=768%2C576&amp;ssl=1 768w, https:\/\/i0.wp.com\/elterritorialweb.com.ar\/web\/wp-content\/uploads\/2023\/03\/WhatsApp-Image-2023-03-09-at-17.09.52.jpeg?w=1439&amp;ssl=1 1439w, https:\/\/i0.wp.com\/elterritorialweb.com.ar\/web\/wp-content\/uploads\/2023\/03\/WhatsApp-Image-2023-03-09-at-17.09.52.jpeg?w=1280 1280w\" data-sizes=\"(max-width: 640px) 100vw, 640px\" src=\"data:image\/svg+xml;base64,PHN2ZyB3aWR0aD0iMSIgaGVpZ2h0PSIxIiB4bWxucz0iaHR0cDovL3d3dy53My5vcmcvMjAwMC9zdmciPjwvc3ZnPg==\" style=\"--smush-placeholder-width: 640px; --smush-placeholder-aspect-ratio: 640\/481;\" \/><\/a><\/figure>\n\n\n\n<p>\u201cLa verdad que nosotros cuando decidimos nombrar a funcionarios para que trabajen en nuestro proyecto de ciudad, elegimos a muchas mujeres para ocupar cargos importantes en diferentes \u00e1reas, tal es as\u00ed que me animo a afirmar que el 80 % de estos cargos est\u00e1n ocupados por mujeres\u201d.<br>\u201cEstamos muy contentos tambi\u00e9n de poder acompa\u00f1ar a las mujeres en su lucha de igualdad de g\u00e9neros, lucha que la vienen librando hace muchos a\u00f1os y que nosotros humildemente apoyamos y apostamos a decir que la mujer trabaja a la par nuestra, aqu\u00ed nadie va delante de nadie, trabajamos juntos hombres y mujeres para construir una mejor ciudad\u00bb, finaliz\u00f3 Nediani.<\/p>\n","protected":false},"excerpt":{"rendered":"<p>La Municipalidad de La Banda a trav\u00e9s de la Secretar\u00eda de Gobierno organiz\u00f3 un Bingo para agasajar a las mujeres municipales en el marco del \u201cD\u00eda Internacional de la Mujer\u201d.<\/p>\n","protected":false},"author":2,"featured_media":50316,"comment_status":"open","ping_status":"open","sticky":false,"template":"","format":"standard","meta":{"om_disable_all_campaigns":false,"_monsterinsights_skip_tracking":false,"_monsterinsights_sitenote_active":false,"_monsterinsights_sitenote_note":"","_monsterinsights_sitenote_category":0,"_uf_show_specific_survey":0,"_uf_disable_surveys":false,"jetpack_post_was_ever_published":false,"_jetpack_newsletter_access":"","_jetpack_dont_email_post_to_subs":false,"_jetpack_newsletter_tier_id":0,"_jetpack_memberships_contains_paywalled_content":false,"_jetpack_memberships_contains_paid_content":false,"footnotes":"","jetpack_publicize_message":"","jetpack_publicize_feature_enabled":true,"jetpack_social_post_already_shared":true,"jetpack_social_options":{"image_generator_settings":{"template":"highway","default_image_id":0,"font":"","enabled":false},"version":2}},"categories":[9],"tags":[],"class_list":["post-50313","post","type-post","status-publish","format-standard","has-post-thumbnail","hentry","category-banda"],"aioseo_notices":[],"views":16,"jetpack_publicize_connections":[],"jetpack_featured_media_url":"https:\/\/i0.wp.com\/elterritorialweb.com.ar\/web\/wp-content\/uploads\/2023\/03\/WhatsApp-Image-2023-03-09-at-17.09.51-1.jpeg?fit=1599%2C1066&ssl=1","jetpack_sharing_enabled":true,"_links":{"self":[{"href":"https:\/\/elterritorialweb.com.ar\/web\/wp-json\/wp\/v2\/posts\/50313","targetHints":{"allow":["GET"]}}],"collection":[{"href":"https:\/\/elterritorialweb.com.ar\/web\/wp-json\/wp\/v2\/posts"}],"about":[{"href":"https:\/\/elterritorialweb.com.ar\/web\/wp-json\/wp\/v2\/types\/post"}],"author":[{"embeddable":true,"href":"https:\/\/elterritorialweb.com.ar\/web\/wp-json\/wp\/v2\/users\/2"}],"replies":[{"embeddable":true,"href":"https:\/\/elterritorialweb.com.ar\/web\/wp-json\/wp\/v2\/comments?post=50313"}],"version-history":[{"count":1,"href":"https:\/\/elterritorialweb.com.ar\/web\/wp-json\/wp\/v2\/posts\/50313\/revisions"}],"predecessor-version":[{"id":50319,"href":"https:\/\/elterritorialweb.com.ar\/web\/wp-json\/wp\/v2\/posts\/50313\/revisions\/50319"}],"wp:featuredmedia":[{"embeddable":true,"href":"https:\/\/elterritorialweb.com.ar\/web\/wp-json\/wp\/v2\/media\/50316"}],"wp:attachment":[{"href":"https:\/\/elterritorialweb.com.ar\/web\/wp-json\/wp\/v2\/media?parent=50313"}],"wp:term":[{"taxonomy":"category","embeddable":true,"href":"https:\/\/elterritorialweb.com.ar\/web\/wp-json\/wp\/v2\/categories?post=50313"},{"taxonomy":"post_tag","embeddable":true,"href":"https:\/\/elterritorialweb.com.ar\/web\/wp-json\/wp\/v2\/tags?post=50313"}],"curies":[{"name":"wp","href":"https:\/\/api.w.org\/{rel}","templated":true}]}}