{"id":50320,"date":"2023-03-09T22:18:54","date_gmt":"2023-03-09T22:18:54","guid":{"rendered":"http:\/\/elterritorialweb.com.ar\/web\/?p=50320"},"modified":"2023-03-09T22:18:56","modified_gmt":"2023-03-09T22:18:56","slug":"se-realizara-en-el-nodo-el-precongreso-de-salud-publica","status":"publish","type":"post","link":"https:\/\/elterritorialweb.com.ar\/web\/se-realizara-en-el-nodo-el-precongreso-de-salud-publica\/","title":{"rendered":"SE REALIZAR\u00c1 EN EL NODO EL PRECONGRESO DE SALUD P\u00daBLICA"},"content":{"rendered":"\n<p>Ma\u00f1ana, 10 de marzo, tendr\u00e1 lugar, en el Nodo Tecnol\u00f3gico de Santiago del Estero, el Precongreso Norte Argentino, que se realizar\u00e1 en el marco del I Congreso Internacional de la Asociaci\u00f3n Argentina de Salud P\u00fablica (AASAP) \u201cUna salud: para una Argentina con equidad\u201d.<\/p>\n\n\n\n<p>El Precongreso, organizado por AASAP junto con el Ministerio de Salud Santiago del Estero y la Universidad Nacional de Santiago del Estero, abordar\u00e1 las caracter\u00edsticas socio sanitarias particulares de la regi\u00f3n Norte del pa\u00eds, en torno a los que luego ser\u00e1n los ejes centrales del Congreso, a desarrollarse en Tecn\u00f3polis los d\u00edas 31 de mayo, 1 y 2 de junio.<\/p>\n","protected":false},"excerpt":{"rendered":"<p>As\u00ed lo anunciaron, en conferencia de prensa, el subsecretario de Salud, C\u00e9sar Monti, y el rector de la UNSE, H\u00e9ctor Paz, con el acompa\u00f1amiento de la representante de la Asociaci\u00f3n Argentina de Salud P\u00fablica, Mar\u00eda Taboada, autoridades de las Facultades y del gabinete rectoral.<\/p>\n","protected":false},"author":2,"featured_media":50321,"comment_status":"open","ping_status":"open","sticky":false,"template":"","format":"standard","meta":{"om_disable_all_campaigns":false,"_monsterinsights_skip_tracking":false,"_monsterinsights_sitenote_active":false,"_monsterinsights_sitenote_note":"","_monsterinsights_sitenote_category":0,"_uf_show_specific_survey":0,"_uf_disable_surveys":false,"jetpack_post_was_ever_published":false,"_jetpack_newsletter_access":"","_jetpack_dont_email_post_to_subs":false,"_jetpack_newsletter_tier_id":0,"_jetpack_memberships_contains_paywalled_content":false,"_jetpack_memberships_contains_paid_content":false,"footnotes":"","jetpack_publicize_message":"","jetpack_publicize_feature_enabled":true,"jetpack_social_post_already_shared":true,"jetpack_social_options":{"image_generator_settings":{"template":"highway","default_image_id":0,"font":"","enabled":false},"version":2}},"categories":[3],"tags":[],"class_list":["post-50320","post","type-post","status-publish","format-standard","has-post-thumbnail","hentry","category-salud"],"aioseo_notices":[],"views":14,"jetpack_publicize_connections":[],"jetpack_featured_media_url":"https:\/\/i0.wp.com\/elterritorialweb.com.ar\/web\/wp-content\/uploads\/2023\/03\/WhatsApp-Image-2023-03-09-at-21.31.43.jpeg?fit=1600%2C744&ssl=1","jetpack_sharing_enabled":true,"_links":{"self":[{"href":"https:\/\/elterritorialweb.com.ar\/web\/wp-json\/wp\/v2\/posts\/50320","targetHints":{"allow":["GET"]}}],"collection":[{"href":"https:\/\/elterritorialweb.com.ar\/web\/wp-json\/wp\/v2\/posts"}],"about":[{"href":"https:\/\/elterritorialweb.com.ar\/web\/wp-json\/wp\/v2\/types\/post"}],"author":[{"embeddable":true,"href":"https:\/\/elterritorialweb.com.ar\/web\/wp-json\/wp\/v2\/users\/2"}],"replies":[{"embeddable":true,"href":"https:\/\/elterritorialweb.com.ar\/web\/wp-json\/wp\/v2\/comments?post=50320"}],"version-history":[{"count":1,"href":"https:\/\/elterritorialweb.com.ar\/web\/wp-json\/wp\/v2\/posts\/50320\/revisions"}],"predecessor-version":[{"id":50322,"href":"https:\/\/elterritorialweb.com.ar\/web\/wp-json\/wp\/v2\/posts\/50320\/revisions\/50322"}],"wp:featuredmedia":[{"embeddable":true,"href":"https:\/\/elterritorialweb.com.ar\/web\/wp-json\/wp\/v2\/media\/50321"}],"wp:attachment":[{"href":"https:\/\/elterritorialweb.com.ar\/web\/wp-json\/wp\/v2\/media?parent=50320"}],"wp:term":[{"taxonomy":"category","embeddable":true,"href":"https:\/\/elterritorialweb.com.ar\/web\/wp-json\/wp\/v2\/categories?post=50320"},{"taxonomy":"post_tag","embeddable":true,"href":"https:\/\/elterritorialweb.com.ar\/web\/wp-json\/wp\/v2\/tags?post=50320"}],"curies":[{"name":"wp","href":"https:\/\/api.w.org\/{rel}","templated":true}]}}