{"id":50323,"date":"2023-03-10T05:28:46","date_gmt":"2023-03-10T05:28:46","guid":{"rendered":"http:\/\/elterritorialweb.com.ar\/web\/?p=50323"},"modified":"2023-03-10T05:31:37","modified_gmt":"2023-03-10T05:31:37","slug":"fuentes-se-reunio-con-funcionarios-provinciales-del-area-de-ciencia-y-tecnologia","status":"publish","type":"post","link":"https:\/\/elterritorialweb.com.ar\/web\/fuentes-se-reunio-con-funcionarios-provinciales-del-area-de-ciencia-y-tecnologia\/","title":{"rendered":"FUENTES SE REUNI\u00d3 CON FUNCIONARIOS PROVINCIALES DEL \u00c1REA DE CIENCIA Y TECNOLOG\u00cdA"},"content":{"rendered":"\n<p>All\u00ed, dialogaron sobre la posibilidad de llevar adelante un proyecto para fortalecer la articulaci\u00f3n con artesanos y emprendedores locales, destinando asistencia t\u00e9cnica para la elaboraci\u00f3n y perfeccionamiento de plataformas de comercializaci\u00f3n virtuales, entre otros temas.<br>Tambi\u00e9n participaron del encuentro la directora de Desarrollo Social, Nancy Bravo y el coordinador del \u00e1rea de Econom\u00eda Social, Fernando Zelaya.<br>La propuesta viene a consolidar el trabajo que el municipio lleva a cabo para fortalecer y poner en valor los productos de emprendedores de la econom\u00eda social, a trav\u00e9s de iniciativas como la Tienda Parque Oeste y ciclos de formaci\u00f3n permanente gratuita en diferentes tem\u00e1ticas adecuadas al contexto socio-laboral.<\/p>\n","protected":false},"excerpt":{"rendered":"<p>La intendente de la Capital, Ing. Norma Fuentes, mantuvo una reuni\u00f3n con el secretario y el director de Ciencia y Tecnolog\u00eda de la Provincia, Adri\u00e1n Su\u00e1rez y Edmundo Vizgarra, respectivamente.<\/p>\n","protected":false},"author":2,"featured_media":50324,"comment_status":"open","ping_status":"open","sticky":false,"template":"","format":"standard","meta":{"om_disable_all_campaigns":false,"_monsterinsights_skip_tracking":false,"_monsterinsights_sitenote_active":false,"_monsterinsights_sitenote_note":"","_monsterinsights_sitenote_category":0,"_uf_show_specific_survey":0,"_uf_disable_surveys":false,"jetpack_post_was_ever_published":false,"_jetpack_newsletter_access":"","_jetpack_dont_email_post_to_subs":false,"_jetpack_newsletter_tier_id":0,"_jetpack_memberships_contains_paywalled_content":false,"_jetpack_memberships_contains_paid_content":false,"footnotes":"","jetpack_publicize_message":"","jetpack_publicize_feature_enabled":true,"jetpack_social_post_already_shared":true,"jetpack_social_options":{"image_generator_settings":{"template":"highway","default_image_id":0,"font":"","enabled":false},"version":2}},"categories":[21],"tags":[],"class_list":["post-50323","post","type-post","status-publish","format-standard","has-post-thumbnail","hentry","category-locales"],"aioseo_notices":[],"views":14,"jetpack_publicize_connections":[],"jetpack_featured_media_url":"https:\/\/i0.wp.com\/elterritorialweb.com.ar\/web\/wp-content\/uploads\/2023\/03\/ciencia-y-tecnologia.jpg?fit=1600%2C1043&ssl=1","jetpack_sharing_enabled":true,"_links":{"self":[{"href":"https:\/\/elterritorialweb.com.ar\/web\/wp-json\/wp\/v2\/posts\/50323","targetHints":{"allow":["GET"]}}],"collection":[{"href":"https:\/\/elterritorialweb.com.ar\/web\/wp-json\/wp\/v2\/posts"}],"about":[{"href":"https:\/\/elterritorialweb.com.ar\/web\/wp-json\/wp\/v2\/types\/post"}],"author":[{"embeddable":true,"href":"https:\/\/elterritorialweb.com.ar\/web\/wp-json\/wp\/v2\/users\/2"}],"replies":[{"embeddable":true,"href":"https:\/\/elterritorialweb.com.ar\/web\/wp-json\/wp\/v2\/comments?post=50323"}],"version-history":[{"count":1,"href":"https:\/\/elterritorialweb.com.ar\/web\/wp-json\/wp\/v2\/posts\/50323\/revisions"}],"predecessor-version":[{"id":50325,"href":"https:\/\/elterritorialweb.com.ar\/web\/wp-json\/wp\/v2\/posts\/50323\/revisions\/50325"}],"wp:featuredmedia":[{"embeddable":true,"href":"https:\/\/elterritorialweb.com.ar\/web\/wp-json\/wp\/v2\/media\/50324"}],"wp:attachment":[{"href":"https:\/\/elterritorialweb.com.ar\/web\/wp-json\/wp\/v2\/media?parent=50323"}],"wp:term":[{"taxonomy":"category","embeddable":true,"href":"https:\/\/elterritorialweb.com.ar\/web\/wp-json\/wp\/v2\/categories?post=50323"},{"taxonomy":"post_tag","embeddable":true,"href":"https:\/\/elterritorialweb.com.ar\/web\/wp-json\/wp\/v2\/tags?post=50323"}],"curies":[{"name":"wp","href":"https:\/\/api.w.org\/{rel}","templated":true}]}}