{"id":50329,"date":"2023-03-10T18:08:17","date_gmt":"2023-03-10T18:08:17","guid":{"rendered":"http:\/\/elterritorialweb.com.ar\/web\/?p=50329"},"modified":"2023-03-10T18:08:21","modified_gmt":"2023-03-10T18:08:21","slug":"nediani-se-reunio-con-representantes-de-30-familias-de-la-calle-jeronimo-rebotaro","status":"publish","type":"post","link":"https:\/\/elterritorialweb.com.ar\/web\/nediani-se-reunio-con-representantes-de-30-familias-de-la-calle-jeronimo-rebotaro\/","title":{"rendered":"NEDIANI SE REUNI\u00d3 CON REPRESENTANTES DE 30 FAMILIAS DE LA CALLE JER\u00d3NIMO REBOTARO"},"content":{"rendered":"\n<p>En la oportunidad el jefe comunal estuvo acompa\u00f1ado por la escribana municipal, Mar\u00eda Laura Tula Rizo; el secretario de Obras P\u00fablicas, Cristian Alzamora y el director de Habitat Cesar Bendez\u00fa.<br>Por su parte, el intendente Roger Nediani destac\u00f3: \u201cCada vivienda que se est\u00e1n realizando estar\u00e1 en las condiciones dignas para que las familias puedan directamente alojarse y como as\u00ed tambi\u00e9n van a contar con los papeles correspondientes de cada propiedad, ya que lo fundamental es proteger a los ni\u00f1os en relaci\u00f3n al cumplimiento de sus derechos\u201d.<br>\u201cDe este modo lo que se busca principalmente es seguir trabajando en conjunto con el vecino bande\u00f1o ya que forma parte de uno de los objetivos fundamentales de esta gesti\u00f3n\u201d, finaliz\u00f3 Nediani.<br>Cabe recordar, en relaci\u00f3n a esta situaci\u00f3n advertida desde el a\u00f1o 2018 se pudo establecer que quienes se asentaron en este sector tendr\u00edan problemas en la \u00e9poca de intensas lluvias cuando el desag\u00fce pluvial comienza a funcionar, ya que sus construcciones se encuentran a escasos metros del mismo y a la misma vez dificultaban la ejecuci\u00f3n de los correspondientes trabajos de limpieza y mantenimiento porque las m\u00e1quinas no pod\u00edan ingresar debido al espacio ocupado por las viviendas.<\/p>\n","protected":false},"excerpt":{"rendered":"<p>El intendente Roger Nediani se reuni\u00f3 con representantes de 30 familias de la calle Rebotaro que ser\u00e1n reubicadas pr\u00f3ximamente a un sector del barrio Ampliaci\u00f3n Central Argentino.<\/p>\n","protected":false},"author":2,"featured_media":50330,"comment_status":"open","ping_status":"open","sticky":false,"template":"","format":"standard","meta":{"om_disable_all_campaigns":false,"_monsterinsights_skip_tracking":false,"_monsterinsights_sitenote_active":false,"_monsterinsights_sitenote_note":"","_monsterinsights_sitenote_category":0,"_uf_show_specific_survey":0,"_uf_disable_surveys":false,"jetpack_post_was_ever_published":false,"_jetpack_newsletter_access":"","_jetpack_dont_email_post_to_subs":false,"_jetpack_newsletter_tier_id":0,"_jetpack_memberships_contains_paywalled_content":false,"_jetpack_memberships_contains_paid_content":false,"footnotes":"","jetpack_publicize_message":"","jetpack_publicize_feature_enabled":true,"jetpack_social_post_already_shared":true,"jetpack_social_options":{"image_generator_settings":{"template":"highway","default_image_id":0,"font":"","enabled":false},"version":2}},"categories":[9],"tags":[],"class_list":["post-50329","post","type-post","status-publish","format-standard","has-post-thumbnail","hentry","category-banda"],"aioseo_notices":[],"views":9,"jetpack_publicize_connections":[],"jetpack_featured_media_url":"https:\/\/i0.wp.com\/elterritorialweb.com.ar\/web\/wp-content\/uploads\/2023\/03\/WhatsApp-Image-2023-03-10-at-18.50.56.jpeg?fit=1600%2C1200&ssl=1","jetpack_sharing_enabled":true,"_links":{"self":[{"href":"https:\/\/elterritorialweb.com.ar\/web\/wp-json\/wp\/v2\/posts\/50329","targetHints":{"allow":["GET"]}}],"collection":[{"href":"https:\/\/elterritorialweb.com.ar\/web\/wp-json\/wp\/v2\/posts"}],"about":[{"href":"https:\/\/elterritorialweb.com.ar\/web\/wp-json\/wp\/v2\/types\/post"}],"author":[{"embeddable":true,"href":"https:\/\/elterritorialweb.com.ar\/web\/wp-json\/wp\/v2\/users\/2"}],"replies":[{"embeddable":true,"href":"https:\/\/elterritorialweb.com.ar\/web\/wp-json\/wp\/v2\/comments?post=50329"}],"version-history":[{"count":1,"href":"https:\/\/elterritorialweb.com.ar\/web\/wp-json\/wp\/v2\/posts\/50329\/revisions"}],"predecessor-version":[{"id":50331,"href":"https:\/\/elterritorialweb.com.ar\/web\/wp-json\/wp\/v2\/posts\/50329\/revisions\/50331"}],"wp:featuredmedia":[{"embeddable":true,"href":"https:\/\/elterritorialweb.com.ar\/web\/wp-json\/wp\/v2\/media\/50330"}],"wp:attachment":[{"href":"https:\/\/elterritorialweb.com.ar\/web\/wp-json\/wp\/v2\/media?parent=50329"}],"wp:term":[{"taxonomy":"category","embeddable":true,"href":"https:\/\/elterritorialweb.com.ar\/web\/wp-json\/wp\/v2\/categories?post=50329"},{"taxonomy":"post_tag","embeddable":true,"href":"https:\/\/elterritorialweb.com.ar\/web\/wp-json\/wp\/v2\/tags?post=50329"}],"curies":[{"name":"wp","href":"https:\/\/api.w.org\/{rel}","templated":true}]}}