{"id":50332,"date":"2023-03-10T18:13:00","date_gmt":"2023-03-10T18:13:00","guid":{"rendered":"http:\/\/elterritorialweb.com.ar\/web\/?p=50332"},"modified":"2023-03-10T18:14:08","modified_gmt":"2023-03-10T18:14:08","slug":"el-gobernador-participo-de-la-apertura-del-pre-congreso-de-salud-del-norte-argentino-en-el-nodo-tecnologico","status":"publish","type":"post","link":"https:\/\/elterritorialweb.com.ar\/web\/el-gobernador-participo-de-la-apertura-del-pre-congreso-de-salud-del-norte-argentino-en-el-nodo-tecnologico\/","title":{"rendered":"EL GOBERNADOR PARTICIP\u00d3 DE LA APERTURA DEL PRE CONGRESO DE SALUD DEL NORTE ARGENTINO EN EL NODO TECNOL\u00d3GICO"},"content":{"rendered":"\n<p>Se trata de una instancia previa al Congreso Internacional de la Asociaci\u00f3n Argentina de Salud P\u00fablica (ASAP), que se llevar\u00e1 a cabo bajo el lema \u201cUna salud para una Argentina con equidad\u201d en Tecn\u00f3polis, ciudad de Buenos Aires, los d\u00edas 31 de mayo y 1 y 2 de junio.<br>Acompa\u00f1aron al mandatario en el panel el vicegobernador Carlos Silva Neder; la ministra de Salud, Natividad Nassif; el subsecretario Cesar Monti; el presidente de Asap, Arnaldo Medina, y el rector de la Universidad Nacional de Santiago del Estero, H\u00e9ctor Paz.<br>Del encuentro tambi\u00e9n participaron representantes de los ministerios de Salud de Catamarca, La Rioja, Salta, Jujuy y Tucum\u00e1n, adem\u00e1s de supervisores de UPAS, directores de hospitales, legisladores provinciales, entre otros.<br>En este marco, Zamora agradeci\u00f3 el trabajo realizado por el personal de salud en \u00e9poca de pandemia y destac\u00f3 la campa\u00f1a de vacunaci\u00f3n que se lleva adelante. Tambi\u00e9n ratific\u00f3 el compromiso del Estado para seguir trabajando de manera coordinada con los distintos estamentos para mejorar la calidad de vida de la gente.<br>Remarc\u00f3 adem\u00e1s que \u201ces fundamental aprovechar las herramientas tecnol\u00f3gicas, el desarrollo sostenible y la importancia de mover y motorizar la articulaci\u00f3n para poder lograr una Argentina con m\u00e1s equidad\u201d.<br>A su turno, el rector de la Unse dijo que \u201ces una responsabilidad importante poner en valor la salud p\u00fablica, bas\u00e1ndonos en ese rol fundamental que es la articulaci\u00f3n entre los estamentos\u201d, y en ese sentido valor\u00f3 el trabajo con el Estado provincial para alcanzar los objetivos.<br>Por su parte, la ministra Nassif agradeci\u00f3 la presencia de sus pares en esta jornada y consider\u00f3: \u201cEs necesario encontrarnos y coordinar en la regi\u00f3n. Es una instancia para compartir experiencias\u201d, a partir de lo sucedido durante la pandemia de covid.<br>\u201cNos dej\u00f3 como ense\u00f1anza la necesidad de seguir fortaleciendo y enmarcando las APS (Atenci\u00f3n Primaria de Salud). Esta es una reuni\u00f3n estrat\u00e9gica para comentar con los trabajos que se realizar\u00e1n de aqu\u00ed en adelante\u201d, dijo.<br>Seguidamente, Medina dijo: \u201cEs una enorme alegr\u00eda para nosotros estar en esta provincia. Venimos cargados de expectativas y esperando seguir trabajando en los objetivos de desarrollo sostenible y resaltar la importancia que tiene la integraci\u00f3n para cumplir con las metas en esta zona del pa\u00eds\u201d.<br>\u201cEstamos en un momento de fortalecimiento y es por eso que queremos llevar la mirada, la experiencia positiva y la situaci\u00f3n de esta zona del pa\u00eds hac\u00eda el pr\u00f3ximo congreso. Tambi\u00e9n la importancia de la territorialidad y el rol de Estado en materia de salud p\u00fablica\u201d, agreg\u00f3.<\/p>\n","protected":false},"excerpt":{"rendered":"<p>El gobernador Gerardo Zamora particip\u00f3 este viernes por la ma\u00f1ana de la apertura del Pre Congreso de Salud del Norte Argentino, realizado en las instalaciones del Nodo Tecnol\u00f3gico con representantes de seis provincias de la regi\u00f3n.<\/p>\n","protected":false},"author":2,"featured_media":50333,"comment_status":"open","ping_status":"open","sticky":false,"template":"","format":"standard","meta":{"om_disable_all_campaigns":false,"_monsterinsights_skip_tracking":false,"_monsterinsights_sitenote_active":false,"_monsterinsights_sitenote_note":"","_monsterinsights_sitenote_category":0,"_uf_show_specific_survey":0,"_uf_disable_surveys":false,"jetpack_post_was_ever_published":false,"_jetpack_newsletter_access":"","_jetpack_dont_email_post_to_subs":false,"_jetpack_newsletter_tier_id":0,"_jetpack_memberships_contains_paywalled_content":false,"_jetpack_memberships_contains_paid_content":false,"footnotes":"","jetpack_publicize_message":"","jetpack_publicize_feature_enabled":true,"jetpack_social_post_already_shared":true,"jetpack_social_options":{"image_generator_settings":{"template":"highway","default_image_id":0,"font":"","enabled":false},"version":2}},"categories":[4,21],"tags":[],"class_list":["post-50332","post","type-post","status-publish","format-standard","has-post-thumbnail","hentry","category-destacadas","category-locales"],"aioseo_notices":[],"views":11,"jetpack_publicize_connections":[],"jetpack_featured_media_url":"https:\/\/i0.wp.com\/elterritorialweb.com.ar\/web\/wp-content\/uploads\/2023\/03\/WhatsApp-Image-2023-03-10-at-15.51.38.jpeg?fit=1476%2C1009&ssl=1","jetpack_sharing_enabled":true,"_links":{"self":[{"href":"https:\/\/elterritorialweb.com.ar\/web\/wp-json\/wp\/v2\/posts\/50332","targetHints":{"allow":["GET"]}}],"collection":[{"href":"https:\/\/elterritorialweb.com.ar\/web\/wp-json\/wp\/v2\/posts"}],"about":[{"href":"https:\/\/elterritorialweb.com.ar\/web\/wp-json\/wp\/v2\/types\/post"}],"author":[{"embeddable":true,"href":"https:\/\/elterritorialweb.com.ar\/web\/wp-json\/wp\/v2\/users\/2"}],"replies":[{"embeddable":true,"href":"https:\/\/elterritorialweb.com.ar\/web\/wp-json\/wp\/v2\/comments?post=50332"}],"version-history":[{"count":1,"href":"https:\/\/elterritorialweb.com.ar\/web\/wp-json\/wp\/v2\/posts\/50332\/revisions"}],"predecessor-version":[{"id":50334,"href":"https:\/\/elterritorialweb.com.ar\/web\/wp-json\/wp\/v2\/posts\/50332\/revisions\/50334"}],"wp:featuredmedia":[{"embeddable":true,"href":"https:\/\/elterritorialweb.com.ar\/web\/wp-json\/wp\/v2\/media\/50333"}],"wp:attachment":[{"href":"https:\/\/elterritorialweb.com.ar\/web\/wp-json\/wp\/v2\/media?parent=50332"}],"wp:term":[{"taxonomy":"category","embeddable":true,"href":"https:\/\/elterritorialweb.com.ar\/web\/wp-json\/wp\/v2\/categories?post=50332"},{"taxonomy":"post_tag","embeddable":true,"href":"https:\/\/elterritorialweb.com.ar\/web\/wp-json\/wp\/v2\/tags?post=50332"}],"curies":[{"name":"wp","href":"https:\/\/api.w.org\/{rel}","templated":true}]}}