{"id":5042,"date":"2020-05-15T23:35:14","date_gmt":"2020-05-15T23:35:14","guid":{"rendered":"http:\/\/elterritorialweb.com.ar\/web\/?p=5042"},"modified":"2020-05-15T23:35:14","modified_gmt":"2020-05-15T23:35:14","slug":"dengue-en-santiago-a-la-fecha-se-analizaron-3-506-muestras","status":"publish","type":"post","link":"https:\/\/elterritorialweb.com.ar\/web\/dengue-en-santiago-a-la-fecha-se-analizaron-3-506-muestras\/","title":{"rendered":"DENGUE EN SANTIAGO: A LA FECHA SE ANALIZARON 3.506 MUESTRAS."},"content":{"rendered":"\n<p>Desde el 01 de enero hasta el d\u00eda 05 de mayo del corriente a\u00f1o se analizaron 3.506 muestras.<br>De las 3.506 muestras estudiadas, 1.180 (33,6%) tuvieron diagn\u00f3stico de dengue probable o confirmado, por laboratorio o por nexo epidemiol\u00f3gico.<br>De las 1.180 muestras positivas, 27 son casos de dengue importado y 1153 son aut\u00f3ctonos.<br>De los 1.153 casos aut\u00f3ctonos positivos acumulados:                                       692 (60 %) corresponden a la ciudad de La Banda                                              230 (20 %) a la Capital y\u00a0                                                                                          231 (20 %) casos est\u00e1n distribuidos en distintos departamentos del interior de la provincia.<br>En la Ciudad de La Banda: de los 692 casos, 360 (52%) corresponden a 3 barrios del suroeste (M. Mayu, Parque Industrial y Salta Prolongaci\u00f3n) y el 48% distribuido en los distintos barrios de la ciudad de la Banda.<br>En la Ciudad Capital: de los 230 casos, el 30% casos corresponden al Barrio General Paz, el 12,7% al barrio Libertad, 10,4% al barrio Juan Felipe Ibarra y el resto (50%) est\u00e1n distribuidos en distintos barrios.<br>Interior de la provincia: De los 231 casos del interior de la provincia, 35 pertenecen a la ciudad de Quimili, 105 a Termas de Rio Hondo, 30 en el departamento Pellegrini\u00a0 (Nueva Esperanza, El Moj\u00f3n) y el resto, est\u00e1n\u00a0 distribuidos en los departamentos\u00a0 Copo, Banda, Figueroa, Robles, Jim\u00e9nez, Alberdi y Ojo de Agua.\u00a0<br>En cuanto a la distribuci\u00f3n etaria, de los 1.153 casos, es la siguiente:\u00a0          De 0 a 14 a\u00f1os: 12 %\u00a0                                                                                                   De 14 a 50 a\u00f1os: 71,3 %                                                                                    Mayores de 50 a\u00f1os: 16,7%<br>No bajemos los brazos! Eliminemos los criaderos del mosquito transmisor del dengue en nuestras casas!<br>Para eso:<br>Eliminemos, tapemos, demos vuelta todos los recipientes que contengan agua quieta.<br>Evitemos las picaduras usando repelente en lo posible, tabletas o espirales Ante s\u00edntomas como fiebre, dolor de articulaciones, dolor detr\u00e1s de los<br>ojos: NO auto medicarse, comunicarse telef\u00f3nicamente al 107 o consultar en el centro m\u00e1s cercano al domicilio.<\/p>\n","protected":false},"excerpt":{"rendered":"<p>INFORME DEL MINISTERIO DE SALUD DE LA PROVINCIA DE SANTIAGO DEL ESTERO<\/p>\n","protected":false},"author":2,"featured_media":3888,"comment_status":"open","ping_status":"open","sticky":false,"template":"","format":"standard","meta":{"om_disable_all_campaigns":false,"_monsterinsights_skip_tracking":false,"_monsterinsights_sitenote_active":false,"_monsterinsights_sitenote_note":"","_monsterinsights_sitenote_category":0,"_uf_show_specific_survey":0,"_uf_disable_surveys":false,"jetpack_post_was_ever_published":false,"_jetpack_newsletter_access":"","_jetpack_dont_email_post_to_subs":false,"_jetpack_newsletter_tier_id":0,"_jetpack_memberships_contains_paywalled_content":false,"_jetpack_memberships_contains_paid_content":false,"footnotes":"","jetpack_publicize_message":"","jetpack_publicize_feature_enabled":true,"jetpack_social_post_already_shared":false,"jetpack_social_options":{"image_generator_settings":{"template":"highway","default_image_id":0,"font":"","enabled":false},"version":2}},"categories":[21],"tags":[],"class_list":["post-5042","post","type-post","status-publish","format-standard","has-post-thumbnail","hentry","category-locales"],"aioseo_notices":[],"views":5,"jetpack_publicize_connections":[],"jetpack_featured_media_url":"https:\/\/i0.wp.com\/elterritorialweb.com.ar\/web\/wp-content\/uploads\/2020\/04\/fernandez-fumigacion.jpg?fit=960%2C960&ssl=1","jetpack_sharing_enabled":true,"_links":{"self":[{"href":"https:\/\/elterritorialweb.com.ar\/web\/wp-json\/wp\/v2\/posts\/5042","targetHints":{"allow":["GET"]}}],"collection":[{"href":"https:\/\/elterritorialweb.com.ar\/web\/wp-json\/wp\/v2\/posts"}],"about":[{"href":"https:\/\/elterritorialweb.com.ar\/web\/wp-json\/wp\/v2\/types\/post"}],"author":[{"embeddable":true,"href":"https:\/\/elterritorialweb.com.ar\/web\/wp-json\/wp\/v2\/users\/2"}],"replies":[{"embeddable":true,"href":"https:\/\/elterritorialweb.com.ar\/web\/wp-json\/wp\/v2\/comments?post=5042"}],"version-history":[{"count":1,"href":"https:\/\/elterritorialweb.com.ar\/web\/wp-json\/wp\/v2\/posts\/5042\/revisions"}],"predecessor-version":[{"id":5043,"href":"https:\/\/elterritorialweb.com.ar\/web\/wp-json\/wp\/v2\/posts\/5042\/revisions\/5043"}],"wp:featuredmedia":[{"embeddable":true,"href":"https:\/\/elterritorialweb.com.ar\/web\/wp-json\/wp\/v2\/media\/3888"}],"wp:attachment":[{"href":"https:\/\/elterritorialweb.com.ar\/web\/wp-json\/wp\/v2\/media?parent=5042"}],"wp:term":[{"taxonomy":"category","embeddable":true,"href":"https:\/\/elterritorialweb.com.ar\/web\/wp-json\/wp\/v2\/categories?post=5042"},{"taxonomy":"post_tag","embeddable":true,"href":"https:\/\/elterritorialweb.com.ar\/web\/wp-json\/wp\/v2\/tags?post=5042"}],"curies":[{"name":"wp","href":"https:\/\/api.w.org\/{rel}","templated":true}]}}