{"id":5085,"date":"2020-05-17T03:21:09","date_gmt":"2020-05-17T03:21:09","guid":{"rendered":"http:\/\/elterritorialweb.com.ar\/web\/?p=5085"},"modified":"2020-05-17T03:21:09","modified_gmt":"2020-05-17T03:21:09","slug":"en-la-ciudad-de-beltran-se-habilitara-un-nuevo-centro-de-aislamiento","status":"publish","type":"post","link":"https:\/\/elterritorialweb.com.ar\/web\/en-la-ciudad-de-beltran-se-habilitara-un-nuevo-centro-de-aislamiento\/","title":{"rendered":"EN LA CIUDAD DE BELTR\u00c1N SE HABILITAR\u00c1 UN NUEVO CENTRO DE AISLAMIENTO"},"content":{"rendered":"\n<p>BELTR\u00c1N<\/p>\n\n\n\n<p>El intendente de la ciudad de Beltr\u00e1n Miguel \u00c1lvarez, junto al presidente del Concejo Deliberante Omar Alcalde, trabajaron en la organizaci\u00f3n sobre la llegada de 7 ciudadanos provenientes de la provincia de Buenos Aires quienes se desempe\u00f1aban como trabajadores rurales, donde se realiz\u00f3 el protocolo de sanidad con hisopado y  fueron ubicados en el Centro de Aislamiento n\u00b0 2, que funciona en las instalaciones Centro Deportivo local.<\/p>\n\n\n\n<p>A partir de esta situaci\u00f3n,  el comit\u00e9 de Emergencias Municipal acordaron  en habilitar un nuevo Centro de la Aislamiento, ubicado en un predio sobre el acceso a ruta provincial n\u00b01 a 3km de la ciudad de Beltr\u00e1n. <\/p>\n\n\n\n<figure class=\"wp-block-image size-large\"><img data-recalc-dims=\"1\" decoding=\"async\" width=\"640\" height=\"480\" data-src=\"https:\/\/i0.wp.com\/elterritorialweb.com.ar\/web\/wp-content\/uploads\/2020\/05\/CENTRO-DE-AISLAMIENTO-BELTRAN-1.jpg?resize=640%2C480\" alt=\"\" class=\"wp-image-5087 lazyload\" data-srcset=\"https:\/\/i0.wp.com\/elterritorialweb.com.ar\/web\/wp-content\/uploads\/2020\/05\/CENTRO-DE-AISLAMIENTO-BELTRAN-1.jpg?w=960&amp;ssl=1 960w, https:\/\/i0.wp.com\/elterritorialweb.com.ar\/web\/wp-content\/uploads\/2020\/05\/CENTRO-DE-AISLAMIENTO-BELTRAN-1.jpg?resize=300%2C225&amp;ssl=1 300w, https:\/\/i0.wp.com\/elterritorialweb.com.ar\/web\/wp-content\/uploads\/2020\/05\/CENTRO-DE-AISLAMIENTO-BELTRAN-1.jpg?resize=768%2C576&amp;ssl=1 768w\" data-sizes=\"(max-width: 640px) 100vw, 640px\" src=\"data:image\/svg+xml;base64,PHN2ZyB3aWR0aD0iMSIgaGVpZ2h0PSIxIiB4bWxucz0iaHR0cDovL3d3dy53My5vcmcvMjAwMC9zdmciPjwvc3ZnPg==\" style=\"--smush-placeholder-width: 640px; --smush-placeholder-aspect-ratio: 640\/480;\" \/><\/figure>\n\n\n\n<p>Por otra parte, el intendente recorri\u00f3 la ciudad supervisando las obras que se est\u00e1n ejecutando en el jard\u00edn de infantes municipal y sus alrededores, al igual que el trabajo de desmalezamiento y la fumigaci\u00f3n por sectores en la lucha contra el Dengue.<\/p>\n\n\n\n<p>Luego a\u00f1adio: \u00abRescatamos la comprensi\u00f3n de las familias y vecinos de \u00e9stos trabajadores que contin\u00faan regresando a su Ciudad, y junto a ello la imposibilidad de tener un contacto personal con sus seres queridos, para poder resguardarnos a todos, por eso debemos seguir esforz\u00e1ndonos en quedarnos en casa, estamos empezando a transitar el pico de esta pandemia y esperamos terminar la cuarentena con 0 casos\u00bb.<\/p>\n","protected":false},"excerpt":{"rendered":"<p>MUNICIPALIDAD DE BELTR\u00c1N<\/p>\n","protected":false},"author":2,"featured_media":5086,"comment_status":"open","ping_status":"open","sticky":false,"template":"","format":"standard","meta":{"om_disable_all_campaigns":false,"_monsterinsights_skip_tracking":false,"_monsterinsights_sitenote_active":false,"_monsterinsights_sitenote_note":"","_monsterinsights_sitenote_category":0,"_uf_show_specific_survey":0,"_uf_disable_surveys":false,"jetpack_post_was_ever_published":false,"_jetpack_newsletter_access":"","_jetpack_dont_email_post_to_subs":false,"_jetpack_newsletter_tier_id":0,"_jetpack_memberships_contains_paywalled_content":false,"_jetpack_memberships_contains_paid_content":false,"footnotes":"","jetpack_publicize_message":"","jetpack_publicize_feature_enabled":true,"jetpack_social_post_already_shared":false,"jetpack_social_options":{"image_generator_settings":{"template":"highway","default_image_id":0,"font":"","enabled":false},"version":2}},"categories":[21],"tags":[],"class_list":["post-5085","post","type-post","status-publish","format-standard","has-post-thumbnail","hentry","category-locales"],"aioseo_notices":[],"views":5,"jetpack_publicize_connections":[],"jetpack_featured_media_url":"https:\/\/i0.wp.com\/elterritorialweb.com.ar\/web\/wp-content\/uploads\/2020\/05\/CENTRO-DE-AISLAMIENTO-BELTRAN.jpg?fit=960%2C720&ssl=1","jetpack_sharing_enabled":true,"_links":{"self":[{"href":"https:\/\/elterritorialweb.com.ar\/web\/wp-json\/wp\/v2\/posts\/5085","targetHints":{"allow":["GET"]}}],"collection":[{"href":"https:\/\/elterritorialweb.com.ar\/web\/wp-json\/wp\/v2\/posts"}],"about":[{"href":"https:\/\/elterritorialweb.com.ar\/web\/wp-json\/wp\/v2\/types\/post"}],"author":[{"embeddable":true,"href":"https:\/\/elterritorialweb.com.ar\/web\/wp-json\/wp\/v2\/users\/2"}],"replies":[{"embeddable":true,"href":"https:\/\/elterritorialweb.com.ar\/web\/wp-json\/wp\/v2\/comments?post=5085"}],"version-history":[{"count":1,"href":"https:\/\/elterritorialweb.com.ar\/web\/wp-json\/wp\/v2\/posts\/5085\/revisions"}],"predecessor-version":[{"id":5088,"href":"https:\/\/elterritorialweb.com.ar\/web\/wp-json\/wp\/v2\/posts\/5085\/revisions\/5088"}],"wp:featuredmedia":[{"embeddable":true,"href":"https:\/\/elterritorialweb.com.ar\/web\/wp-json\/wp\/v2\/media\/5086"}],"wp:attachment":[{"href":"https:\/\/elterritorialweb.com.ar\/web\/wp-json\/wp\/v2\/media?parent=5085"}],"wp:term":[{"taxonomy":"category","embeddable":true,"href":"https:\/\/elterritorialweb.com.ar\/web\/wp-json\/wp\/v2\/categories?post=5085"},{"taxonomy":"post_tag","embeddable":true,"href":"https:\/\/elterritorialweb.com.ar\/web\/wp-json\/wp\/v2\/tags?post=5085"}],"curies":[{"name":"wp","href":"https:\/\/api.w.org\/{rel}","templated":true}]}}