{"id":50954,"date":"2023-03-21T20:02:13","date_gmt":"2023-03-21T20:02:13","guid":{"rendered":"http:\/\/elterritorialweb.com.ar\/web\/?p=50954"},"modified":"2023-03-21T20:02:17","modified_gmt":"2023-03-21T20:02:17","slug":"el-municipio-bandeno-acompanara-el-3-gran-encuentro-de-talleristas-de-juan-saavedra","status":"publish","type":"post","link":"https:\/\/elterritorialweb.com.ar\/web\/el-municipio-bandeno-acompanara-el-3-gran-encuentro-de-talleristas-de-juan-saavedra\/","title":{"rendered":"EL MUNICIPIO BANDE\u00d1O ACOMPA\u00d1AR\u00c1 EL 3\u00b0 GRAN ENCUENTRO DE TALLERISTAS\u00bb DE JUAN SAAVEDRA"},"content":{"rendered":"\n<p class=\"wp-block-paragraph\">El mismo tendr\u00e1 lugar los d\u00edas 6, 7, 8 y 9 de abril en la \u201cReserva Natural Mayu Maman\u201d, en la localidad de Santo Domingo, donde las jornadas intensivas abordar\u00e1n distintas t\u00e9cnicas para la formaci\u00f3n integral de los participantes, tanto a nivel pr\u00e1ctico como conceptual, acompa\u00f1ado por numerosas charlas, disertaciones y exposiciones que complementar\u00e1n el programa.<br>El programa del mismo incluir\u00e1: Danzas Folcl\u00f3ricas; Danzas, Proyecci\u00f3n \u2013 Danza Fusi\u00f3n; Zapateo tradicional y contempor\u00e1neo; Bombo y Percusi\u00f3n; Danza Libre e Improvisaci\u00f3n; Danza Circular \u2013 Sagradas; Vocalizaci\u00f3n y Canto; Composici\u00f3n Coreogr\u00e1fica; T\u00e9cnica de danza contempor\u00e1nea; Bio-Danza; Boleadoras; Preparaci\u00f3n F\u00edsica; Conciencia de las energ\u00edas; Tango.<br>Por otra parte, las charlas y disertaciones tendr\u00e1n temas como: Creencias populares, mitos y leyendas; Salud: Persona \u2013 Planeta; Ovnis: revelaciones y comentarios; Taller \u2018Reconociendo emociones\u2019; Taller \u2018La palabra como creaci\u00f3n\u2019; Secci\u00f3n; videos \u2013 danza (debate); Jornada con los ni\u00f1os; Visita al rio y comunidad; Fog\u00f3n abierto; Gran Pe\u00f1a y Muestra de talleristas; celebraci\u00f3n y despedida; visita al patio del Indio Froilan.<br>Para m\u00e1s informaci\u00f3n, los interesados podr\u00e1n comunicarse al 3855394970 \u2013 1122699905 o al Instagram @JUANS.SAAVEDRA.<\/p>\n","protected":false},"excerpt":{"rendered":"<p>El intendente Roger Nadiani recibi\u00f3 la visita del bailar\u00edn y referente del folclore santiague\u00f1o, Juan Saavedra con motivo de la realizaci\u00f3n del \u201c3\u00b0 Gran Encuentro de Talleristas Nacionales e Internacionales\u201d que tendr\u00e1 lugar en nuestra provincia.<\/p>\n","protected":false},"author":2,"featured_media":50955,"comment_status":"open","ping_status":"open","sticky":false,"template":"","format":"standard","meta":{"om_disable_all_campaigns":false,"_monsterinsights_skip_tracking":false,"_uf_show_specific_survey":0,"_uf_disable_surveys":false,"_jetpack_newsletter_access":"","_jetpack_dont_email_post_to_subs":false,"_jetpack_newsletter_tier_id":0,"_jetpack_memberships_contains_paywalled_content":false,"_jetpack_feature_clip_id":0,"_jetpack_memberships_contains_paid_content":false,"footnotes":"","jetpack_publicize_message":"","jetpack_publicize_feature_enabled":true,"jetpack_social_post_already_shared":true,"jetpack_social_options":{"image_generator_settings":{"template":"highway","default_image_id":0,"font":"","enabled":false},"version":2},"jetpack_post_was_ever_published":false},"categories":[9],"tags":[],"class_list":["post-50954","post","type-post","status-publish","format-standard","has-post-thumbnail","hentry","category-banda"],"aioseo_notices":[],"views":28,"jetpack_publicize_connections":[],"jetpack_sharing_enabled":true,"jetpack_featured_media_url":"https:\/\/i0.wp.com\/elterritorialweb.com.ar\/web\/wp-content\/uploads\/2023\/03\/WhatsApp-Image-2023-03-21-at-18.37.00.jpeg?fit=1600%2C1086&ssl=1","_links":{"self":[{"href":"https:\/\/elterritorialweb.com.ar\/web\/wp-json\/wp\/v2\/posts\/50954","targetHints":{"allow":["GET"]}}],"collection":[{"href":"https:\/\/elterritorialweb.com.ar\/web\/wp-json\/wp\/v2\/posts"}],"about":[{"href":"https:\/\/elterritorialweb.com.ar\/web\/wp-json\/wp\/v2\/types\/post"}],"author":[{"embeddable":true,"href":"https:\/\/elterritorialweb.com.ar\/web\/wp-json\/wp\/v2\/users\/2"}],"replies":[{"embeddable":true,"href":"https:\/\/elterritorialweb.com.ar\/web\/wp-json\/wp\/v2\/comments?post=50954"}],"version-history":[{"count":1,"href":"https:\/\/elterritorialweb.com.ar\/web\/wp-json\/wp\/v2\/posts\/50954\/revisions"}],"predecessor-version":[{"id":50956,"href":"https:\/\/elterritorialweb.com.ar\/web\/wp-json\/wp\/v2\/posts\/50954\/revisions\/50956"}],"wp:featuredmedia":[{"embeddable":true,"href":"https:\/\/elterritorialweb.com.ar\/web\/wp-json\/wp\/v2\/media\/50955"}],"wp:attachment":[{"href":"https:\/\/elterritorialweb.com.ar\/web\/wp-json\/wp\/v2\/media?parent=50954"}],"wp:term":[{"taxonomy":"category","embeddable":true,"href":"https:\/\/elterritorialweb.com.ar\/web\/wp-json\/wp\/v2\/categories?post=50954"},{"taxonomy":"post_tag","embeddable":true,"href":"https:\/\/elterritorialweb.com.ar\/web\/wp-json\/wp\/v2\/tags?post=50954"}],"curies":[{"name":"wp","href":"https:\/\/api.w.org\/{rel}","templated":true}]}}