{"id":51177,"date":"2023-03-28T12:56:13","date_gmt":"2023-03-28T12:56:13","guid":{"rendered":"http:\/\/elterritorialweb.com.ar\/web\/?p=51177"},"modified":"2023-03-28T13:25:29","modified_gmt":"2023-03-28T13:25:29","slug":"la-seleccion-argentina-campeona-del-mundo-llego-a-santiago-del-estero","status":"publish","type":"post","link":"https:\/\/elterritorialweb.com.ar\/web\/la-seleccion-argentina-campeona-del-mundo-llego-a-santiago-del-estero\/","title":{"rendered":"LA SELECCI\u00d3N ARGENTINA LLEG\u00d3 A SANTIAGO DEL ESTERO"},"content":{"rendered":"\n<p>Una multitud sali\u00f3 a las calles de la capital de Santiago del Estero para brindarle una fervorosa bienvenida a la Selecci\u00f3n Argentina de los campeones mundiales en Qatar 2022, que este martes jugar\u00e1n un amistoso de celebraci\u00f3n ante Curazao en el Estadio \u00danico Madre de Ciudades.<\/p>\n\n\n\n<p>El seleccionado nacional aterriz\u00f3 en el aeropuerto \u00c1ngel de la Paz Aragon\u00e9s a las 21:51 en un vuelo procedente de Asunci\u00f3n, donde horas antes recibi\u00f3 un homenaje de la Conmebol previo al sorteo de la Copa Libertadores y la Copa Sudamericana.<\/p>\n\n\n\n<figure class=\"wp-block-embed is-type-rich is-provider-twitter wp-block-embed-twitter\"><div class=\"wp-block-embed__wrapper\">\nhttps:\/\/twitter.com\/Argentina\/status\/1640521201935065091\n<\/div><\/figure>\n\n\n\n<p>El equipo liderado por&nbsp;<strong>Lionel Messi<\/strong>&nbsp;tuvo las primeras manifestaciones de afecto a la salida misma de la estaci\u00f3n a\u00e9rea, desde la que se diagram\u00f3 un corredor vallado a lo largo de la avenida Belgrano Norte en direcci\u00f3n al centro de la ciudad.<\/p>\n\n\n\n<p>Los futbolistas abordaron un micro ploteado y saludaron al paso a los fan\u00e1ticos ubicados sobre los m\u00e1rgenes de la avenida, engalanada con banderas argentinas y carteles de agradecimiento a los art\u00edfices de la tercera estrella.<\/p>\n\n\n\n<p>La mayor\u00eda de los hinchas se concentr\u00f3 en la puerta del hotel situado frente a la Casa de Gobierno provincial, a unos 6 kil\u00f3metros del aeropuerto. Un grupo de granaderos los agasaj\u00f3 con una interpretaci\u00f3n de hit mundialista \u00abMuchachos\u00bb.<\/p>\n\n\n\n<iframe data-src=\"https:\/\/www.facebook.com\/plugins\/video.php?height=314&#038;href=https%3A%2F%2Fwww.facebook.com%2Felterritorialweb%2Fvideos%2F641996761068624%2F&#038;show_text=false&#038;width=560&#038;t=0\" width=\"560\" height=\"314\" style=\"border:none;overflow:hidden\" scrolling=\"no\" frameborder=\"0\" allowfullscreen=\"true\" allow=\"autoplay; clipboard-write; encrypted-media; picture-in-picture; web-share\" allowFullScreen=\"true\" src=\"data:image\/svg+xml;base64,PHN2ZyB3aWR0aD0iMSIgaGVpZ2h0PSIxIiB4bWxucz0iaHR0cDovL3d3dy53My5vcmcvMjAwMC9zdmciPjwvc3ZnPg==\" class=\"lazyload\" data-load-mode=\"1\"><\/iframe>\n\n\n\n<p>La polic\u00eda cort\u00f3 el acceso sobre la calle Leandro N. Alem, entre las esquinas de Alvear y Rivadavia, para permitir el acceso del \u00f3mnibus y el descenso de los futbolistas al lugar de hospedaje.<\/p>\n\n\n\n<p>En una agradable noche de 28 grados, el pulso habitual de la capital santiague\u00f1a se vio rotundamente alterado por el fen\u00f3meno social de la \u00abScaloneta\u00bb, que este martes tendr\u00e1 su primera presentaci\u00f3n en el interior del pa\u00eds despu\u00e9s de la so\u00f1ada noche qatar\u00ed del 18 de diciembre pasado.<\/p>\n\n\n\n<p><strong>Santiago del Estero<\/strong>&nbsp;vive el acontecimiento deportivo m\u00e1s importante de su historia, seg\u00fan la consideraci\u00f3n de sus propios funcionarios, por lo que el gobierno provincial decidi\u00f3 dictar asueto administrativo y educativo desde las 14 del martes.<\/p>\n","protected":false},"excerpt":{"rendered":"<p>Una multitud sali\u00f3 a las calles de la capital de Santiago del Estero para brindarle&#8230;<\/p>\n","protected":false},"author":2,"featured_media":51180,"comment_status":"open","ping_status":"open","sticky":false,"template":"","format":"standard","meta":{"om_disable_all_campaigns":false,"_monsterinsights_skip_tracking":false,"_monsterinsights_sitenote_active":false,"_monsterinsights_sitenote_note":"","_monsterinsights_sitenote_category":0,"_uf_show_specific_survey":0,"_uf_disable_surveys":false,"jetpack_post_was_ever_published":false,"_jetpack_newsletter_access":"","_jetpack_dont_email_post_to_subs":false,"_jetpack_newsletter_tier_id":0,"_jetpack_memberships_contains_paywalled_content":false,"_jetpack_memberships_contains_paid_content":false,"footnotes":"","jetpack_publicize_message":"","jetpack_publicize_feature_enabled":true,"jetpack_social_post_already_shared":true,"jetpack_social_options":{"image_generator_settings":{"template":"highway","default_image_id":0,"font":"","enabled":false},"version":2}},"categories":[6],"tags":[],"class_list":["post-51177","post","type-post","status-publish","format-standard","has-post-thumbnail","hentry","category-deportes"],"aioseo_notices":[],"views":7,"jetpack_publicize_connections":[],"jetpack_featured_media_url":"https:\/\/i0.wp.com\/elterritorialweb.com.ar\/web\/wp-content\/uploads\/2023\/03\/WhatsApp-Image-2023-03-27-at-23.54.15.jpeg?fit=718%2C1135&ssl=1","jetpack_sharing_enabled":true,"_links":{"self":[{"href":"https:\/\/elterritorialweb.com.ar\/web\/wp-json\/wp\/v2\/posts\/51177","targetHints":{"allow":["GET"]}}],"collection":[{"href":"https:\/\/elterritorialweb.com.ar\/web\/wp-json\/wp\/v2\/posts"}],"about":[{"href":"https:\/\/elterritorialweb.com.ar\/web\/wp-json\/wp\/v2\/types\/post"}],"author":[{"embeddable":true,"href":"https:\/\/elterritorialweb.com.ar\/web\/wp-json\/wp\/v2\/users\/2"}],"replies":[{"embeddable":true,"href":"https:\/\/elterritorialweb.com.ar\/web\/wp-json\/wp\/v2\/comments?post=51177"}],"version-history":[{"count":3,"href":"https:\/\/elterritorialweb.com.ar\/web\/wp-json\/wp\/v2\/posts\/51177\/revisions"}],"predecessor-version":[{"id":51189,"href":"https:\/\/elterritorialweb.com.ar\/web\/wp-json\/wp\/v2\/posts\/51177\/revisions\/51189"}],"wp:featuredmedia":[{"embeddable":true,"href":"https:\/\/elterritorialweb.com.ar\/web\/wp-json\/wp\/v2\/media\/51180"}],"wp:attachment":[{"href":"https:\/\/elterritorialweb.com.ar\/web\/wp-json\/wp\/v2\/media?parent=51177"}],"wp:term":[{"taxonomy":"category","embeddable":true,"href":"https:\/\/elterritorialweb.com.ar\/web\/wp-json\/wp\/v2\/categories?post=51177"},{"taxonomy":"post_tag","embeddable":true,"href":"https:\/\/elterritorialweb.com.ar\/web\/wp-json\/wp\/v2\/tags?post=51177"}],"curies":[{"name":"wp","href":"https:\/\/api.w.org\/{rel}","templated":true}]}}