{"id":51182,"date":"2023-03-28T13:11:39","date_gmt":"2023-03-28T13:11:39","guid":{"rendered":"http:\/\/elterritorialweb.com.ar\/web\/?p=51182"},"modified":"2023-03-28T13:13:55","modified_gmt":"2023-03-28T13:13:55","slug":"habilitaron-el-mural-en-homenaje-a-los-campeones-del-mundo","status":"publish","type":"post","link":"https:\/\/elterritorialweb.com.ar\/web\/habilitaron-el-mural-en-homenaje-a-los-campeones-del-mundo\/","title":{"rendered":"HABILITARON EL MURAL EN HOMENAJE A LOS CAMPEONES DEL MUNDO"},"content":{"rendered":"\n<p>El espacio homenaje a los campeones del mundo fue realizado por los artistas \u00c1ngel Taboada y Bel\u00e9n Giaigileola, y durante la presentaci\u00f3n tambi\u00e9n participaron los chicos de la Escuelita de F\u00fatbol \u201cLa Pachanga\u201d, quienes estamparon sus manos pintadas en un sector de la obra.<\/p>\n\n\n\n<p>La intendente Fuentes destac\u00f3: \u201cEstamos muy agradecidos de los artistas que han pensado y han so\u00f1ado \u00e9ste mural para homenajear a los campeones, en Bel\u00e9n y \u00c1ngel, vemos la posibilidad de esta ciudad, que quiere exponer el afecto por esta gran selecci\u00f3n argentina\u201d.<\/p>\n\n\n\n<p>La jefa comunal tambi\u00e9n se mostr\u00f3 satisfecha por compartir el momento con los ni\u00f1os de la escuelita de f\u00fatbol, en especial \u201cporque sabemos que la selecci\u00f3n ha generado la empat\u00eda de toda la comunidad y hemos podido ver plasmadas las manos de nuestros ni\u00f1os\u201d.<\/p>\n\n\n\n<p>En tanto, resalt\u00f3 que, Santiago espera con alegr\u00eda la realizaci\u00f3n de un evento hist\u00f3rico para Santiago del Estero, y que fue pensado por el gobernador Gerardo Zamora, desde la pol\u00edtica de estado para unir el turismo con el deporte.<\/p>\n\n\n\n<p>Por su parte, el Prof. Dapello, record\u00f3 que Santiago viene siendo protagonista de grandes eventos y en esta ocasi\u00f3n dijo que lo que \u201clos santiague\u00f1os pod\u00edan so\u00f1ar, lo ha cumplido el gobernador Zamora, gracias a su gesti\u00f3n\u201d.<\/p>\n\n\n\n<p>Se\u00f1al\u00f3 en el final que, espera que la gente pueda disfrutar de un amistoso y que el pueblo acompa\u00f1e y respete todas las normas para garantizar un espect\u00e1culo de primer nivel.<\/p>\n","protected":false},"excerpt":{"rendered":"<p>La intendente Ing. Norma Fuentes y el secretario de Deportes de la provincia, Prof. Carlos Dapello encabezaron la habilitaci\u00f3n formal del Mural \u201cCampeones\u201d en el puente de ingreso al Estadio \u00danico \u201cMadre de ciudades\u201d, a horas del partido amistoso que Argentina jugar\u00e1 con la selecci\u00f3n de Curazao.<\/p>\n","protected":false},"author":2,"featured_media":51183,"comment_status":"open","ping_status":"open","sticky":false,"template":"","format":"standard","meta":{"om_disable_all_campaigns":false,"_monsterinsights_skip_tracking":false,"_monsterinsights_sitenote_active":false,"_monsterinsights_sitenote_note":"","_monsterinsights_sitenote_category":0,"_uf_show_specific_survey":0,"_uf_disable_surveys":false,"jetpack_post_was_ever_published":false,"_jetpack_newsletter_access":"","_jetpack_dont_email_post_to_subs":false,"_jetpack_newsletter_tier_id":0,"_jetpack_memberships_contains_paywalled_content":false,"_jetpack_memberships_contains_paid_content":false,"footnotes":"","jetpack_publicize_message":"","jetpack_publicize_feature_enabled":true,"jetpack_social_post_already_shared":true,"jetpack_social_options":{"image_generator_settings":{"template":"highway","default_image_id":0,"font":"","enabled":false},"version":2}},"categories":[21],"tags":[],"class_list":["post-51182","post","type-post","status-publish","format-standard","has-post-thumbnail","hentry","category-locales"],"aioseo_notices":[],"views":5,"jetpack_publicize_connections":[],"jetpack_featured_media_url":"https:\/\/i0.wp.com\/elterritorialweb.com.ar\/web\/wp-content\/uploads\/2023\/03\/mural-habilitacion.jpeg?fit=722%2C1079&ssl=1","jetpack_sharing_enabled":true,"_links":{"self":[{"href":"https:\/\/elterritorialweb.com.ar\/web\/wp-json\/wp\/v2\/posts\/51182","targetHints":{"allow":["GET"]}}],"collection":[{"href":"https:\/\/elterritorialweb.com.ar\/web\/wp-json\/wp\/v2\/posts"}],"about":[{"href":"https:\/\/elterritorialweb.com.ar\/web\/wp-json\/wp\/v2\/types\/post"}],"author":[{"embeddable":true,"href":"https:\/\/elterritorialweb.com.ar\/web\/wp-json\/wp\/v2\/users\/2"}],"replies":[{"embeddable":true,"href":"https:\/\/elterritorialweb.com.ar\/web\/wp-json\/wp\/v2\/comments?post=51182"}],"version-history":[{"count":1,"href":"https:\/\/elterritorialweb.com.ar\/web\/wp-json\/wp\/v2\/posts\/51182\/revisions"}],"predecessor-version":[{"id":51184,"href":"https:\/\/elterritorialweb.com.ar\/web\/wp-json\/wp\/v2\/posts\/51182\/revisions\/51184"}],"wp:featuredmedia":[{"embeddable":true,"href":"https:\/\/elterritorialweb.com.ar\/web\/wp-json\/wp\/v2\/media\/51183"}],"wp:attachment":[{"href":"https:\/\/elterritorialweb.com.ar\/web\/wp-json\/wp\/v2\/media?parent=51182"}],"wp:term":[{"taxonomy":"category","embeddable":true,"href":"https:\/\/elterritorialweb.com.ar\/web\/wp-json\/wp\/v2\/categories?post=51182"},{"taxonomy":"post_tag","embeddable":true,"href":"https:\/\/elterritorialweb.com.ar\/web\/wp-json\/wp\/v2\/tags?post=51182"}],"curies":[{"name":"wp","href":"https:\/\/api.w.org\/{rel}","templated":true}]}}