{"id":51190,"date":"2023-03-28T13:56:33","date_gmt":"2023-03-28T13:56:33","guid":{"rendered":"http:\/\/elterritorialweb.com.ar\/web\/?p=51190"},"modified":"2023-03-28T13:56:58","modified_gmt":"2023-03-28T13:56:58","slug":"historica-presentacion-de-la-seleccion-argentina-ante-curazao-en-santiago-del-estero","status":"publish","type":"post","link":"https:\/\/elterritorialweb.com.ar\/web\/historica-presentacion-de-la-seleccion-argentina-ante-curazao-en-santiago-del-estero\/","title":{"rendered":"HIST\u00d3RICA PRESENTACI\u00d3N DE LA SELECCI\u00d3N ARGENTINA ANTE CURAZAO EN SANTIAGO DEL ESTERO"},"content":{"rendered":"\n<p>La Selecci\u00f3n argentina enfrentar\u00e1 a Curazao\u00a0en Santiago del Estero\u00a0por la segunda fecha de amistosos. En el marco de los festejos por el campeonato en Qatar 2022,\u00a0<strong>se espera\u00a0una fiesta incluso mayor que la vivida en River hace unos d\u00edas.<\/strong><\/p>\n\n\n\n<p>Tras<strong>\u00a0<a href=\"http:\/\/elterritorialweb.com.ar\/web\/la-conmebol-homenajeo-a-los-campeones-del-mundo\/\" data-type=\"URL\" data-id=\"http:\/\/elterritorialweb.com.ar\/web\/la-conmebol-homenajeo-a-los-campeones-del-mundo\/\">el emotivo reconocimiento que tuvo el equipo campe\u00f3n del mundo en la sede de la Conmebol<\/a><\/strong>, la provincia decret\u00f3 feriado desde las 14 y se espera un enorme operativo de seguridad. La calle principal tendr\u00e1 un vallado preventivo,\u00a0<strong>las fuerzas de seguridad garantizar\u00e1n la circulaci\u00f3n de la delegaci\u00f3n,<\/strong>\u00a0pero tambi\u00e9n la seguridad de los miles de hinchas que seguramente tratar\u00e1n de saludar a los jugadores.<\/p>\n\n\n\n<p>Se trabaja en un operativo de traslado desde el hotel al estadio en un micro descapotado para que la gente pueda ver a los futbolistas.&nbsp;<strong>Si la AFA desestima esta opci\u00f3n, se usar\u00e1n micros cerrados.<\/strong><\/p>\n\n\n\n<p><strong>El Himno Nacional ser\u00e1 interpretado<\/strong>&nbsp;por Los Manseros Santiague\u00f1os, Las Mulieris y N\u00e9stor Garnica. Tambi\u00e9n estar\u00e1n La T y la M, La Mosca, Los Totora, Q&#8217;Lokura y otros artistas que completar\u00e1n el&nbsp;<em>line up<\/em>&nbsp;de una noche inolvidable.<\/p>\n\n\n\n<p>Se espera que Lionel Scaloni no presente la misma formaci\u00f3n que la que le gan\u00f3 a Panam\u00e1 en el Monumental. Podr\u00eda apostar a los jugadores que tuvieron minutos contra River, en el amistoso que se jug\u00f3 el viernes.<\/p>\n\n\n\n<h3 class=\"wp-block-heading\">A qu\u00e9 hora juega Argentina vs. Curazao<\/h3>\n\n\n\n<ul class=\"wp-block-list\">\n<li>El partido comenzar\u00e1 a las 20:30, pero la fiesta previa arrancar\u00e1 a las 16. Las puertas del estadio se abrir\u00e1n a las 15:30<\/li>\n<\/ul>\n\n\n\n<h3 class=\"wp-block-heading\">C\u00f3mo ver Argentina vs. Curazao<\/h3>\n\n\n\n<ul class=\"wp-block-list\">\n<li>Al ser declarado un evento de inter\u00e9s p\u00fablico, la televisaci\u00f3n del partido estar\u00e1 a cargo de la TV P\u00fablica, al igual que TyC Sports.<\/li>\n<\/ul>\n\n\n\n<h3 class=\"wp-block-heading\">PROBABLES FORMACIONES<\/h3>\n\n\n\n<p><strong>Argentina:&nbsp;<\/strong>Emiliano Mart\u00ednez; Gonzalo Montiel o Nahuel Molina; Cristian Romero, Nicol\u00e1s Otamendi, Marcos Acu\u00f1a o Nicol\u00e1s Tagliafico; Rodrigo De Paul; Enzo Fern\u00e1ndez o Leandro Paredes, Alexis Mac Allister o Enzo Fern\u00e1ndez; Lionel Messi, Juli\u00e1n \u00c1lvarez o Lautaro Mart\u00ednez, \u00c1ngel Di Mar\u00eda.<\/p>\n\n\n\n<p><strong>Curazao:<\/strong>&nbsp;Eloy Room; Roshon van Eijma, Juri\u00ebn Gaari, Sherel Floranus, Cuco Martina; Brandley Kuwas, Juninho Bacuna, Leandro Bacuna, Richairo Zivkovic, Vurnon Anita; Rangelo Janga.<\/p>\n\n\n\n<figure class=\"wp-block-gallery has-nested-images columns-default is-cropped wp-block-gallery-1 is-layout-flex wp-block-gallery-is-layout-flex\">\n<figure class=\"wp-block-image size-large\"><a href=\"https:\/\/i0.wp.com\/elterritorialweb.com.ar\/web\/wp-content\/uploads\/2023\/03\/CONVOCADOS-ARGENTINA.jpg\"><img data-recalc-dims=\"1\" decoding=\"async\" width=\"640\" height=\"640\" data-id=\"51191\" data-src=\"https:\/\/i0.wp.com\/elterritorialweb.com.ar\/web\/wp-content\/uploads\/2023\/03\/CONVOCADOS-ARGENTINA.jpg?resize=640%2C640\" alt=\"\" class=\"wp-image-51191 lazyload\" data-srcset=\"https:\/\/i0.wp.com\/elterritorialweb.com.ar\/web\/wp-content\/uploads\/2023\/03\/CONVOCADOS-ARGENTINA.jpg?resize=1024%2C1024&amp;ssl=1 1024w, https:\/\/i0.wp.com\/elterritorialweb.com.ar\/web\/wp-content\/uploads\/2023\/03\/CONVOCADOS-ARGENTINA.jpg?resize=300%2C300&amp;ssl=1 300w, https:\/\/i0.wp.com\/elterritorialweb.com.ar\/web\/wp-content\/uploads\/2023\/03\/CONVOCADOS-ARGENTINA.jpg?resize=150%2C150&amp;ssl=1 150w, https:\/\/i0.wp.com\/elterritorialweb.com.ar\/web\/wp-content\/uploads\/2023\/03\/CONVOCADOS-ARGENTINA.jpg?resize=768%2C768&amp;ssl=1 768w, https:\/\/i0.wp.com\/elterritorialweb.com.ar\/web\/wp-content\/uploads\/2023\/03\/CONVOCADOS-ARGENTINA.jpg?w=1080&amp;ssl=1 1080w\" data-sizes=\"(max-width: 640px) 100vw, 640px\" src=\"data:image\/svg+xml;base64,PHN2ZyB3aWR0aD0iMSIgaGVpZ2h0PSIxIiB4bWxucz0iaHR0cDovL3d3dy53My5vcmcvMjAwMC9zdmciPjwvc3ZnPg==\" style=\"--smush-placeholder-width: 640px; --smush-placeholder-aspect-ratio: 640\/640;\" \/><\/a><\/figure>\n\n\n\n<figure class=\"wp-block-image size-large\"><a href=\"https:\/\/i0.wp.com\/elterritorialweb.com.ar\/web\/wp-content\/uploads\/2023\/03\/CONVOCADOS-CURAZAO.jpg\"><img data-recalc-dims=\"1\" decoding=\"async\" width=\"640\" height=\"800\" data-id=\"51192\" data-src=\"https:\/\/i0.wp.com\/elterritorialweb.com.ar\/web\/wp-content\/uploads\/2023\/03\/CONVOCADOS-CURAZAO.jpg?resize=640%2C800\" alt=\"\" class=\"wp-image-51192 lazyload\" data-srcset=\"https:\/\/i0.wp.com\/elterritorialweb.com.ar\/web\/wp-content\/uploads\/2023\/03\/CONVOCADOS-CURAZAO.jpg?w=720&amp;ssl=1 720w, https:\/\/i0.wp.com\/elterritorialweb.com.ar\/web\/wp-content\/uploads\/2023\/03\/CONVOCADOS-CURAZAO.jpg?resize=240%2C300&amp;ssl=1 240w\" data-sizes=\"(max-width: 640px) 100vw, 640px\" src=\"data:image\/svg+xml;base64,PHN2ZyB3aWR0aD0iMSIgaGVpZ2h0PSIxIiB4bWxucz0iaHR0cDovL3d3dy53My5vcmcvMjAwMC9zdmciPjwvc3ZnPg==\" style=\"--smush-placeholder-width: 640px; --smush-placeholder-aspect-ratio: 640\/800;\" \/><\/a><\/figure>\n<\/figure>\n","protected":false},"excerpt":{"rendered":"<p>El equipo campe\u00f3n del mundo juega su segundo partido en el pa\u00eds en el Madre de Ciudades. Adem\u00e1s del partido, se espera una gran fiesta en la previa, al igual que lo sucedido en el Monumental.<\/p>\n","protected":false},"author":2,"featured_media":51193,"comment_status":"open","ping_status":"open","sticky":false,"template":"","format":"standard","meta":{"om_disable_all_campaigns":false,"_monsterinsights_skip_tracking":false,"_monsterinsights_sitenote_active":false,"_monsterinsights_sitenote_note":"","_monsterinsights_sitenote_category":0,"_uf_show_specific_survey":0,"_uf_disable_surveys":false,"jetpack_post_was_ever_published":false,"_jetpack_newsletter_access":"","_jetpack_dont_email_post_to_subs":false,"_jetpack_newsletter_tier_id":0,"_jetpack_memberships_contains_paywalled_content":false,"_jetpack_memberships_contains_paid_content":false,"footnotes":"","jetpack_publicize_message":"","jetpack_publicize_feature_enabled":true,"jetpack_social_post_already_shared":true,"jetpack_social_options":{"image_generator_settings":{"template":"highway","default_image_id":0,"font":"","enabled":false},"version":2}},"categories":[6,4],"tags":[],"class_list":["post-51190","post","type-post","status-publish","format-standard","has-post-thumbnail","hentry","category-deportes","category-destacadas"],"aioseo_notices":[],"views":7,"jetpack_publicize_connections":[],"jetpack_featured_media_url":"https:\/\/i0.wp.com\/elterritorialweb.com.ar\/web\/wp-content\/uploads\/2023\/03\/MESSI.png?fit=1140%2C684&ssl=1","jetpack_sharing_enabled":true,"_links":{"self":[{"href":"https:\/\/elterritorialweb.com.ar\/web\/wp-json\/wp\/v2\/posts\/51190","targetHints":{"allow":["GET"]}}],"collection":[{"href":"https:\/\/elterritorialweb.com.ar\/web\/wp-json\/wp\/v2\/posts"}],"about":[{"href":"https:\/\/elterritorialweb.com.ar\/web\/wp-json\/wp\/v2\/types\/post"}],"author":[{"embeddable":true,"href":"https:\/\/elterritorialweb.com.ar\/web\/wp-json\/wp\/v2\/users\/2"}],"replies":[{"embeddable":true,"href":"https:\/\/elterritorialweb.com.ar\/web\/wp-json\/wp\/v2\/comments?post=51190"}],"version-history":[{"count":1,"href":"https:\/\/elterritorialweb.com.ar\/web\/wp-json\/wp\/v2\/posts\/51190\/revisions"}],"predecessor-version":[{"id":51195,"href":"https:\/\/elterritorialweb.com.ar\/web\/wp-json\/wp\/v2\/posts\/51190\/revisions\/51195"}],"wp:featuredmedia":[{"embeddable":true,"href":"https:\/\/elterritorialweb.com.ar\/web\/wp-json\/wp\/v2\/media\/51193"}],"wp:attachment":[{"href":"https:\/\/elterritorialweb.com.ar\/web\/wp-json\/wp\/v2\/media?parent=51190"}],"wp:term":[{"taxonomy":"category","embeddable":true,"href":"https:\/\/elterritorialweb.com.ar\/web\/wp-json\/wp\/v2\/categories?post=51190"},{"taxonomy":"post_tag","embeddable":true,"href":"https:\/\/elterritorialweb.com.ar\/web\/wp-json\/wp\/v2\/tags?post=51190"}],"curies":[{"name":"wp","href":"https:\/\/api.w.org\/{rel}","templated":true}]}}