{"id":51199,"date":"2023-03-28T16:21:00","date_gmt":"2023-03-28T16:21:00","guid":{"rendered":"http:\/\/elterritorialweb.com.ar\/web\/?p=51199"},"modified":"2023-03-28T16:21:03","modified_gmt":"2023-03-28T16:21:03","slug":"el-servicio-de-los-colectivos-electricos-recibio-a-turistas-que-presenciaran-el-partido-de-argentina","status":"publish","type":"post","link":"https:\/\/elterritorialweb.com.ar\/web\/el-servicio-de-los-colectivos-electricos-recibio-a-turistas-que-presenciaran-el-partido-de-argentina\/","title":{"rendered":"EL SERVICIO DE LOS COLECTIVOS EL\u00c9CTRICOS RECIBI\u00d3 A TURISTAS QUE PRESENCIARAN EL PARTIDO DE ARGENTINA"},"content":{"rendered":"\n<p>Quienes llegaron a Santiago del Estero desde distintas partes del pa\u00eds para presenciar el partido que disputar\u00e1n la selecci\u00f3n Argentina y su par de Curazao hicieron uso gratuito del servicio de transporte habilitado para esa zona de la ciudad.<\/p>\n\n\n\n<p>En tanto, el d\u00eda martes el recorrido de las unidades el\u00e9ctricas por el evento deportivo partir\u00e1 desde Alsina y Avenida Luis Lescano, continuar\u00e1 por Avenida Maradona hasta la rotonda ubicada en las cercan\u00edas del Puente Nuevo y regresar\u00e1 nuevamente por Maradona hasta Alsina. La idea es que quienes estacionen sus veh\u00edculos en el parque Aguirre puedan con el servicio llegar hasta el primer p\u00f3rtico de acceso al estadio.<a><\/a><\/p>\n","protected":false},"excerpt":{"rendered":"<p>Los colectivos el\u00e9ctricos experimentales de la Municipalidad de la Capital recibieron a visitantes que pudieron hacer el recorrido tur\u00edstico por el Parque Aguirre, la Nueva Costanera, por el Paseo, la Avenida \u201cDiego Armando Maradona\u201d y Estadio \u00danico Madre de Ciudades.<\/p>\n","protected":false},"author":2,"featured_media":51200,"comment_status":"open","ping_status":"open","sticky":false,"template":"","format":"standard","meta":{"om_disable_all_campaigns":false,"_monsterinsights_skip_tracking":false,"_monsterinsights_sitenote_active":false,"_monsterinsights_sitenote_note":"","_monsterinsights_sitenote_category":0,"_uf_show_specific_survey":0,"_uf_disable_surveys":false,"jetpack_post_was_ever_published":false,"_jetpack_newsletter_access":"","_jetpack_dont_email_post_to_subs":false,"_jetpack_newsletter_tier_id":0,"_jetpack_memberships_contains_paywalled_content":false,"_jetpack_memberships_contains_paid_content":false,"footnotes":"","jetpack_publicize_message":"","jetpack_publicize_feature_enabled":true,"jetpack_social_post_already_shared":true,"jetpack_social_options":{"image_generator_settings":{"template":"highway","default_image_id":0,"font":"","enabled":false},"version":2}},"categories":[21],"tags":[],"class_list":["post-51199","post","type-post","status-publish","format-standard","has-post-thumbnail","hentry","category-locales"],"aioseo_notices":[],"views":6,"jetpack_publicize_connections":[],"jetpack_featured_media_url":"https:\/\/i0.wp.com\/elterritorialweb.com.ar\/web\/wp-content\/uploads\/2023\/03\/turistas-colectivos-electricos.jpeg?fit=1600%2C1200&ssl=1","jetpack_sharing_enabled":true,"_links":{"self":[{"href":"https:\/\/elterritorialweb.com.ar\/web\/wp-json\/wp\/v2\/posts\/51199","targetHints":{"allow":["GET"]}}],"collection":[{"href":"https:\/\/elterritorialweb.com.ar\/web\/wp-json\/wp\/v2\/posts"}],"about":[{"href":"https:\/\/elterritorialweb.com.ar\/web\/wp-json\/wp\/v2\/types\/post"}],"author":[{"embeddable":true,"href":"https:\/\/elterritorialweb.com.ar\/web\/wp-json\/wp\/v2\/users\/2"}],"replies":[{"embeddable":true,"href":"https:\/\/elterritorialweb.com.ar\/web\/wp-json\/wp\/v2\/comments?post=51199"}],"version-history":[{"count":1,"href":"https:\/\/elterritorialweb.com.ar\/web\/wp-json\/wp\/v2\/posts\/51199\/revisions"}],"predecessor-version":[{"id":51201,"href":"https:\/\/elterritorialweb.com.ar\/web\/wp-json\/wp\/v2\/posts\/51199\/revisions\/51201"}],"wp:featuredmedia":[{"embeddable":true,"href":"https:\/\/elterritorialweb.com.ar\/web\/wp-json\/wp\/v2\/media\/51200"}],"wp:attachment":[{"href":"https:\/\/elterritorialweb.com.ar\/web\/wp-json\/wp\/v2\/media?parent=51199"}],"wp:term":[{"taxonomy":"category","embeddable":true,"href":"https:\/\/elterritorialweb.com.ar\/web\/wp-json\/wp\/v2\/categories?post=51199"},{"taxonomy":"post_tag","embeddable":true,"href":"https:\/\/elterritorialweb.com.ar\/web\/wp-json\/wp\/v2\/tags?post=51199"}],"curies":[{"name":"wp","href":"https:\/\/api.w.org\/{rel}","templated":true}]}}