{"id":51202,"date":"2023-03-28T16:33:18","date_gmt":"2023-03-28T16:33:18","guid":{"rendered":"http:\/\/elterritorialweb.com.ar\/web\/?p=51202"},"modified":"2023-03-28T16:41:37","modified_gmt":"2023-03-28T16:41:37","slug":"como-sera-el-recorrido-de-scaloneta-rumbo-al-estadio","status":"publish","type":"post","link":"https:\/\/elterritorialweb.com.ar\/web\/como-sera-el-recorrido-de-scaloneta-rumbo-al-estadio\/","title":{"rendered":"COMO SER\u00c1 EL RECORRIDO DE LA SCALONETA RUMBO AL ESTADIO"},"content":{"rendered":"\n<p>Finalmente la\u00a0<strong>Selecci\u00f3n Argentina\u00a0<\/strong>recorrer\u00e1 las calles de Santiago del Estero en el\u00a0<strong>colectivo descapotable<\/strong>, tal y como estaba previsto. Te mostramos c\u00f3mo ser\u00e1 el\u00a0<strong>recorrido\u00a0<\/strong>de la Scaloneta y a\u00a0<strong>qu\u00e9 hora<\/strong>\u00a0<strong>comienza<\/strong>.<\/p>\n\n\n\n<p>Desde la\u00a0<strong>Secretar\u00eda de Deportes<\/strong>\u00a0de la provincia, se confirm\u00f3 c\u00f3mo ser\u00e1 el recorrido que tendr\u00e1 por la ciudad capital el plantel dirigido por Lionel Scaloni, que\u00a0<strong>comienza a partir de las 17 horas.<\/strong><\/p>\n\n\n\n<h3 class=\"wp-block-heading\">EL RECORRIDO<\/h3>\n\n\n\n<ul class=\"wp-block-list\">\n<li>El colectivo descapotable sale del Hotel por Alem, encaran por Jujuy y doblan en Roca, ah\u00ed pasar\u00e1 por Fan Zone saludando a los hinchas.<\/li>\n\n\n\n<li>Luego baja por Chaco hacia Belgrano y de ah\u00ed hacia el norte. En la rotonda del linyerita dobla a la derecha.<\/li>\n\n\n\n<li>Despu\u00e9s hacen la otra rotonda de las inmediaciones de estadio, bajan y pasan por el predio UPCN.<\/li>\n\n\n\n<li>De ah\u00ed por avenida Diego Maradona hacia el Estadio \u00danico Madre de Ciudades.<\/li>\n<\/ul>\n","protected":false},"excerpt":{"rendered":"<p>As\u00ed lo confirmaron desde la Secretar\u00eda de Deportes de la provincia.<\/p>\n","protected":false},"author":2,"featured_media":51203,"comment_status":"open","ping_status":"open","sticky":false,"template":"","format":"standard","meta":{"om_disable_all_campaigns":false,"_monsterinsights_skip_tracking":false,"_monsterinsights_sitenote_active":false,"_monsterinsights_sitenote_note":"","_monsterinsights_sitenote_category":0,"_uf_show_specific_survey":0,"_uf_disable_surveys":false,"jetpack_post_was_ever_published":false,"_jetpack_newsletter_access":"","_jetpack_dont_email_post_to_subs":false,"_jetpack_newsletter_tier_id":0,"_jetpack_memberships_contains_paywalled_content":false,"_jetpack_memberships_contains_paid_content":false,"footnotes":"","jetpack_publicize_message":"","jetpack_publicize_feature_enabled":true,"jetpack_social_post_already_shared":true,"jetpack_social_options":{"image_generator_settings":{"template":"highway","default_image_id":0,"font":"","enabled":false},"version":2}},"categories":[6,4],"tags":[],"class_list":["post-51202","post","type-post","status-publish","format-standard","has-post-thumbnail","hentry","category-deportes","category-destacadas"],"aioseo_notices":[],"views":40,"jetpack_publicize_connections":[],"jetpack_featured_media_url":"https:\/\/i0.wp.com\/elterritorialweb.com.ar\/web\/wp-content\/uploads\/2023\/03\/traslado-de-la-caloneta.jpg?fit=680%2C423&ssl=1","jetpack_sharing_enabled":true,"_links":{"self":[{"href":"https:\/\/elterritorialweb.com.ar\/web\/wp-json\/wp\/v2\/posts\/51202","targetHints":{"allow":["GET"]}}],"collection":[{"href":"https:\/\/elterritorialweb.com.ar\/web\/wp-json\/wp\/v2\/posts"}],"about":[{"href":"https:\/\/elterritorialweb.com.ar\/web\/wp-json\/wp\/v2\/types\/post"}],"author":[{"embeddable":true,"href":"https:\/\/elterritorialweb.com.ar\/web\/wp-json\/wp\/v2\/users\/2"}],"replies":[{"embeddable":true,"href":"https:\/\/elterritorialweb.com.ar\/web\/wp-json\/wp\/v2\/comments?post=51202"}],"version-history":[{"count":2,"href":"https:\/\/elterritorialweb.com.ar\/web\/wp-json\/wp\/v2\/posts\/51202\/revisions"}],"predecessor-version":[{"id":51205,"href":"https:\/\/elterritorialweb.com.ar\/web\/wp-json\/wp\/v2\/posts\/51202\/revisions\/51205"}],"wp:featuredmedia":[{"embeddable":true,"href":"https:\/\/elterritorialweb.com.ar\/web\/wp-json\/wp\/v2\/media\/51203"}],"wp:attachment":[{"href":"https:\/\/elterritorialweb.com.ar\/web\/wp-json\/wp\/v2\/media?parent=51202"}],"wp:term":[{"taxonomy":"category","embeddable":true,"href":"https:\/\/elterritorialweb.com.ar\/web\/wp-json\/wp\/v2\/categories?post=51202"},{"taxonomy":"post_tag","embeddable":true,"href":"https:\/\/elterritorialweb.com.ar\/web\/wp-json\/wp\/v2\/tags?post=51202"}],"curies":[{"name":"wp","href":"https:\/\/api.w.org\/{rel}","templated":true}]}}