{"id":51253,"date":"2023-03-29T20:50:58","date_gmt":"2023-03-29T20:50:58","guid":{"rendered":"http:\/\/elterritorialweb.com.ar\/web\/?p=51253"},"modified":"2023-03-29T20:51:02","modified_gmt":"2023-03-29T20:51:02","slug":"massa-se-reunio-con-la-subdirectora-del-fmi-en-el-marco-de-la-cuarta-revision-del-acuerdo","status":"publish","type":"post","link":"https:\/\/elterritorialweb.com.ar\/web\/massa-se-reunio-con-la-subdirectora-del-fmi-en-el-marco-de-la-cuarta-revision-del-acuerdo\/","title":{"rendered":"MASSA SE REUNI\u00d3 CON LA SUBDIRECTORA DEL FMI EN EL MARCO DE LA CUARTA REVISI\u00d3N DEL ACUERDO"},"content":{"rendered":"\n<p>El ministro de Econom\u00eda,\u00a0<strong>Sergio Massa, mantuvo una reuni\u00f3n con la subdirectora gerente del Fondo Monetario Internacional (FMI), Gita Gopinath<\/strong>,\u00a0durante su viaje a Washington,\u00a0en el marco de las discusiones por la cuarta revisi\u00f3n del programa con el organismo.<\/p>\n\n\n\n<p>\u00abEn el contexto de la cuarta revisi\u00f3n del programa del FMI, mantuvimos una buena reuni\u00f3n con la subdirectora gerente del organismo Gita Gopinath y su equipo,<strong>&nbsp;con quienes analizamos el impacto de la sequ\u00eda en el pa\u00eds y se valor\u00f3 el despeje de vencimientos de la curva en pesos<\/strong>\u00ab, remarc\u00f3 el funcionario.<\/p>\n\n\n\n<p>En la misma l\u00ednea, Massa expuso la meta que se impuso la gesti\u00f3n del Ministerio de Econom\u00eda:\u00a0<strong>\u00abLa decisi\u00f3n del Gobierno de continuar avanzando con medidas que fomenten el incremento de exportaciones, con el objetivo de fortalecer las reservas\u00bb<\/strong>.<\/p>\n\n\n\n<p>A la reuni\u00f3n con los integrantes del organismo mundial de cr\u00e9dito, el titular del Palacio de Hacienda fue acompa\u00f1ado por el Jefe de Asesores, Leonardo Madcur y por el Director General de Aduana, Guillermo Michel.<\/p>\n\n\n\n<p>Gopinath destac\u00f3 la \u00abbuena reuni\u00f3n\u00bb que mantuvo con el ministro de Econom\u00eda.<strong>&nbsp;\u00abBuena reuni\u00f3n con el ministro Sergio Massa. Se discuti\u00f3 la cuarta revisi\u00f3n del programa, el severo impacto de la sequ\u00eda y la importancia de las acciones para aumentar las reservas y continuar movilizando financiamiento interno de manera sostenible\u00bb<\/strong>, se\u00f1al\u00f3 Gopinath en su cuenta en la red social Twitter.<\/p>\n","protected":false},"excerpt":{"rendered":"<p>El titular del Palacio de Hacienda mantuvo un encuentro con la subdirectora gerente del Fondo Monetario Internacional, en el marco de la gira por Estados Unidos.<\/p>\n","protected":false},"author":2,"featured_media":51254,"comment_status":"open","ping_status":"open","sticky":false,"template":"","format":"standard","meta":{"om_disable_all_campaigns":false,"_monsterinsights_skip_tracking":false,"_monsterinsights_sitenote_active":false,"_monsterinsights_sitenote_note":"","_monsterinsights_sitenote_category":0,"_uf_show_specific_survey":0,"_uf_disable_surveys":false,"jetpack_post_was_ever_published":false,"_jetpack_newsletter_access":"","_jetpack_dont_email_post_to_subs":false,"_jetpack_newsletter_tier_id":0,"_jetpack_memberships_contains_paywalled_content":false,"_jetpack_memberships_contains_paid_content":false,"footnotes":"","jetpack_publicize_message":"","jetpack_publicize_feature_enabled":true,"jetpack_social_post_already_shared":true,"jetpack_social_options":{"image_generator_settings":{"template":"highway","default_image_id":0,"font":"","enabled":false},"version":2}},"categories":[4,2],"tags":[],"class_list":["post-51253","post","type-post","status-publish","format-standard","has-post-thumbnail","hentry","category-destacadas","category-economia"],"aioseo_notices":[],"views":14,"jetpack_publicize_connections":[],"jetpack_featured_media_url":"https:\/\/i0.wp.com\/elterritorialweb.com.ar\/web\/wp-content\/uploads\/2023\/03\/image-32.png?fit=790%2C444&ssl=1","jetpack_sharing_enabled":true,"_links":{"self":[{"href":"https:\/\/elterritorialweb.com.ar\/web\/wp-json\/wp\/v2\/posts\/51253","targetHints":{"allow":["GET"]}}],"collection":[{"href":"https:\/\/elterritorialweb.com.ar\/web\/wp-json\/wp\/v2\/posts"}],"about":[{"href":"https:\/\/elterritorialweb.com.ar\/web\/wp-json\/wp\/v2\/types\/post"}],"author":[{"embeddable":true,"href":"https:\/\/elterritorialweb.com.ar\/web\/wp-json\/wp\/v2\/users\/2"}],"replies":[{"embeddable":true,"href":"https:\/\/elterritorialweb.com.ar\/web\/wp-json\/wp\/v2\/comments?post=51253"}],"version-history":[{"count":1,"href":"https:\/\/elterritorialweb.com.ar\/web\/wp-json\/wp\/v2\/posts\/51253\/revisions"}],"predecessor-version":[{"id":51255,"href":"https:\/\/elterritorialweb.com.ar\/web\/wp-json\/wp\/v2\/posts\/51253\/revisions\/51255"}],"wp:featuredmedia":[{"embeddable":true,"href":"https:\/\/elterritorialweb.com.ar\/web\/wp-json\/wp\/v2\/media\/51254"}],"wp:attachment":[{"href":"https:\/\/elterritorialweb.com.ar\/web\/wp-json\/wp\/v2\/media?parent=51253"}],"wp:term":[{"taxonomy":"category","embeddable":true,"href":"https:\/\/elterritorialweb.com.ar\/web\/wp-json\/wp\/v2\/categories?post=51253"},{"taxonomy":"post_tag","embeddable":true,"href":"https:\/\/elterritorialweb.com.ar\/web\/wp-json\/wp\/v2\/tags?post=51253"}],"curies":[{"name":"wp","href":"https:\/\/api.w.org\/{rel}","templated":true}]}}