{"id":51259,"date":"2023-03-29T21:41:46","date_gmt":"2023-03-29T21:41:46","guid":{"rendered":"http:\/\/elterritorialweb.com.ar\/web\/?p=51259"},"modified":"2023-03-29T22:38:26","modified_gmt":"2023-03-29T22:38:26","slug":"revalorizar-lo-nuestro","status":"publish","type":"post","link":"https:\/\/elterritorialweb.com.ar\/web\/revalorizar-lo-nuestro\/","title":{"rendered":"REVALORIZAR LO NUESTRO"},"content":{"rendered":"\n<p><\/p>\n\n\n\n<p>Santiago del Estero vivi\u00f3 una fiesta \u00fanica con la visita del seleccionado campe\u00f3n del mundo para disputar un partido amistoso ante Curazao en el estadio Madre de Ciudades. Este hecho fue, sin ninguna duda, un acontecimiento hist\u00f3rico que quedar\u00e1 grabado para siempre en las miles de personas que fueron testigos de esta impresionante locura que revolucion\u00f3 a la provincia.<br>La ansiedad y adrenalina que se sent\u00eda previo a la llegada de la Scaloneta era innegable, la ciudad est\u00e1ba revolucionada y enardecida en un clima festivo, y no era para menos, recibir a los campeones del mundo que tanta felicidad nos regalaron y con su capit\u00e1n a la cabeza, que es nada m\u00e1s y nada menos que el mejor jugador del mundo, el hombre r\u00e9cord m\u00e1s famoso y amado, que despierta pasiones inexplicables, es un sue\u00f1o hecho realidad para cualquier hincha. <\/p>\n\n\n\n<figure class=\"wp-block-image size-full is-resized\"><a href=\"https:\/\/i0.wp.com\/elterritorialweb.com.ar\/web\/wp-content\/uploads\/2023\/03\/WhatsApp-Image-2023-03-29-at-18.32.34-1.jpeg\"><img data-recalc-dims=\"1\" decoding=\"async\" data-src=\"https:\/\/i0.wp.com\/elterritorialweb.com.ar\/web\/wp-content\/uploads\/2023\/03\/WhatsApp-Image-2023-03-29-at-18.32.34-1.jpeg?resize=640%2C427\" alt=\"\" class=\"wp-image-51260 lazyload\" width=\"640\" height=\"427\" data-srcset=\"https:\/\/i0.wp.com\/elterritorialweb.com.ar\/web\/wp-content\/uploads\/2023\/03\/WhatsApp-Image-2023-03-29-at-18.32.34-1.jpeg?w=640&amp;ssl=1 640w, https:\/\/i0.wp.com\/elterritorialweb.com.ar\/web\/wp-content\/uploads\/2023\/03\/WhatsApp-Image-2023-03-29-at-18.32.34-1.jpeg?resize=300%2C200&amp;ssl=1 300w\" data-sizes=\"(max-width: 640px) 100vw, 640px\" src=\"data:image\/svg+xml;base64,PHN2ZyB3aWR0aD0iMSIgaGVpZ2h0PSIxIiB4bWxucz0iaHR0cDovL3d3dy53My5vcmcvMjAwMC9zdmciPjwvc3ZnPg==\" style=\"--smush-placeholder-width: 640px; --smush-placeholder-aspect-ratio: 640\/427;\" \/><\/a><figcaption class=\"wp-element-caption\">Imagen tomada Facebook<\/figcaption><\/figure>\n\n\n\n<p>Fueron dos d\u00edas de revuelo total en la capital santiague\u00f1a, donde tanto turistas y periodistas de todo el pa\u00eds se instalaron para vivir este suceso hist\u00f3rico. Lo cierto es que la organizaci\u00f3n de semejante evento demand\u00f3 mucho tiempo y trabajo previo. Trabajo que se vio reflejado, a\u00fan con aciertos y errores, \u00aberrores\u00bb que pueden ser discutibles, pero que No justifica la descalificaci\u00f3n y las criticas desmedidas por parte de muchos comprovincianos que luego de todo lo vivido utilizaron como armas las diferentes redes sociales para volcar sus opiniones, en muchos casos hasta ofensivas del evento en cuesti\u00f3n. Es cierto que todos y todas podemos exponer nuestros pensamientos, opiniones y cr\u00edticas en estos tiempos de libertad de expresi\u00f3n ya que cuarenta a\u00f1os de democracia han servido, entre muchas otras cosas, para esto. Me invade una sensaci\u00f3n de tristeza y hasta de enojo saber que siempre tras los juicios detractores, mal intencionados y da\u00f1inos, se opaca un hecho importante que nos privilegia como provincia. <\/p>\n\n\n\n<figure class=\"wp-block-image size-full is-resized\"><a href=\"https:\/\/i0.wp.com\/elterritorialweb.com.ar\/web\/wp-content\/uploads\/2023\/03\/WhatsApp-Image-2023-03-29-at-18.32.35-1.jpeg\"><img data-recalc-dims=\"1\" decoding=\"async\" data-src=\"https:\/\/i0.wp.com\/elterritorialweb.com.ar\/web\/wp-content\/uploads\/2023\/03\/WhatsApp-Image-2023-03-29-at-18.32.35-1.jpeg?resize=640%2C427\" alt=\"\" class=\"wp-image-51262 lazyload\" width=\"640\" height=\"427\" data-srcset=\"https:\/\/i0.wp.com\/elterritorialweb.com.ar\/web\/wp-content\/uploads\/2023\/03\/WhatsApp-Image-2023-03-29-at-18.32.35-1.jpeg?w=720&amp;ssl=1 720w, https:\/\/i0.wp.com\/elterritorialweb.com.ar\/web\/wp-content\/uploads\/2023\/03\/WhatsApp-Image-2023-03-29-at-18.32.35-1.jpeg?resize=300%2C200&amp;ssl=1 300w\" data-sizes=\"(max-width: 640px) 100vw, 640px\" src=\"data:image\/svg+xml;base64,PHN2ZyB3aWR0aD0iMSIgaGVpZ2h0PSIxIiB4bWxucz0iaHR0cDovL3d3dy53My5vcmcvMjAwMC9zdmciPjwvc3ZnPg==\" style=\"--smush-placeholder-width: 640px; --smush-placeholder-aspect-ratio: 640\/427;\" \/><\/a><figcaption class=\"wp-element-caption\">Imagen tomada Facebook<\/figcaption><\/figure>\n\n\n\n<p>Las infinidades de cr\u00edticas a la \u00abversi\u00f3n santiague\u00f1a\u00bb del himno, simplemente por llamarlo de alg\u00fan modo, han sido tremendas y muchas lapidarias. Que si entonaron o no, que si eran artistas que estaban a la altura o no y un sin fin de comentarios m\u00e1s que se pueden leer a trav\u00e9s de todas las redes sociales, me hace reflexionar sobre el poco valor real que le damos a lo nuestro, estamos m\u00e1s pendientes de como nos ven desde las \u00abgrandes ciudades\u00bb que somos incapaces de celebrar que nuestros artistas hayan ocupado  un lugar importante, que se lo han ganado por trabajo, dedicaci\u00f3n, trayectoria y que nos representan con un enorme orgullo por donde quiera que van. <\/p>\n\n\n\n<figure class=\"wp-block-image size-full is-resized\"><a href=\"https:\/\/i0.wp.com\/elterritorialweb.com.ar\/web\/wp-content\/uploads\/2023\/03\/WhatsApp-Image-2023-03-29-at-18.32.34.jpeg\"><img data-recalc-dims=\"1\" decoding=\"async\" data-src=\"https:\/\/i0.wp.com\/elterritorialweb.com.ar\/web\/wp-content\/uploads\/2023\/03\/WhatsApp-Image-2023-03-29-at-18.32.34.jpeg?resize=640%2C369\" alt=\"\" class=\"wp-image-51261 lazyload\" width=\"640\" height=\"369\" data-srcset=\"https:\/\/i0.wp.com\/elterritorialweb.com.ar\/web\/wp-content\/uploads\/2023\/03\/WhatsApp-Image-2023-03-29-at-18.32.34.jpeg?w=719&amp;ssl=1 719w, https:\/\/i0.wp.com\/elterritorialweb.com.ar\/web\/wp-content\/uploads\/2023\/03\/WhatsApp-Image-2023-03-29-at-18.32.34.jpeg?resize=300%2C173&amp;ssl=1 300w\" data-sizes=\"(max-width: 640px) 100vw, 640px\" src=\"data:image\/svg+xml;base64,PHN2ZyB3aWR0aD0iMSIgaGVpZ2h0PSIxIiB4bWxucz0iaHR0cDovL3d3dy53My5vcmcvMjAwMC9zdmciPjwvc3ZnPg==\" style=\"--smush-placeholder-width: 640px; --smush-placeholder-aspect-ratio: 640\/369;\" \/><\/a><figcaption class=\"wp-element-caption\">Imagen tomada Facebook<\/figcaption><\/figure>\n\n\n\n<p>Recibir a for\u00e1neos con lo que somos, con nuestra cultura, esa que nos identifica y caracteriza ante al resto del pa\u00eds y el mundo, debe ser lo m\u00e1s importante y no la mirada de los medios nacionales y la critica envidiosa del resto del pa\u00eds sobre nuestra idiosincrasia, porque es necesario comprender que eso no est\u00e1 dentro de nuestro control como sociedad, lo que si podemos y debemos hacer como santigue\u00f1os es comenzar por apreciar y respetar lo nuestro, a\u00fan si nuestra m\u00fasica o costumbres aut\u00f3ctonas no es del agrado de todos y todas. Es fundamental que comencemos a valorarnos y respetarnos como comprovincianos con todo lo que somos y tenemos para ofrecer a los que nos visitan, finamente es este amor por lo que somos lo que lograr\u00e1 que los de afuera nos respeten.<\/p>\n","protected":false},"excerpt":{"rendered":"<p>Por: Patricia D\u00edaz \u00c1vila (Periodista)<\/p>\n","protected":false},"author":2,"featured_media":51263,"comment_status":"open","ping_status":"open","sticky":false,"template":"","format":"standard","meta":{"om_disable_all_campaigns":false,"_monsterinsights_skip_tracking":false,"_monsterinsights_sitenote_active":false,"_monsterinsights_sitenote_note":"","_monsterinsights_sitenote_category":0,"_uf_show_specific_survey":0,"_uf_disable_surveys":false,"jetpack_post_was_ever_published":false,"_jetpack_newsletter_access":"","_jetpack_dont_email_post_to_subs":false,"_jetpack_newsletter_tier_id":0,"_jetpack_memberships_contains_paywalled_content":false,"_jetpack_memberships_contains_paid_content":false,"footnotes":"","jetpack_publicize_message":"","jetpack_publicize_feature_enabled":true,"jetpack_social_post_already_shared":true,"jetpack_social_options":{"image_generator_settings":{"template":"highway","default_image_id":0,"font":"","enabled":false},"version":2}},"categories":[27],"tags":[],"class_list":["post-51259","post","type-post","status-publish","format-standard","has-post-thumbnail","hentry","category-opinion-2"],"aioseo_notices":[],"views":104,"jetpack_publicize_connections":[],"jetpack_featured_media_url":"https:\/\/i0.wp.com\/elterritorialweb.com.ar\/web\/wp-content\/uploads\/2023\/03\/WhatsApp-Image-2023-03-29-at-18.32.35.jpeg?fit=720%2C480&ssl=1","jetpack_sharing_enabled":true,"_links":{"self":[{"href":"https:\/\/elterritorialweb.com.ar\/web\/wp-json\/wp\/v2\/posts\/51259","targetHints":{"allow":["GET"]}}],"collection":[{"href":"https:\/\/elterritorialweb.com.ar\/web\/wp-json\/wp\/v2\/posts"}],"about":[{"href":"https:\/\/elterritorialweb.com.ar\/web\/wp-json\/wp\/v2\/types\/post"}],"author":[{"embeddable":true,"href":"https:\/\/elterritorialweb.com.ar\/web\/wp-json\/wp\/v2\/users\/2"}],"replies":[{"embeddable":true,"href":"https:\/\/elterritorialweb.com.ar\/web\/wp-json\/wp\/v2\/comments?post=51259"}],"version-history":[{"count":2,"href":"https:\/\/elterritorialweb.com.ar\/web\/wp-json\/wp\/v2\/posts\/51259\/revisions"}],"predecessor-version":[{"id":51266,"href":"https:\/\/elterritorialweb.com.ar\/web\/wp-json\/wp\/v2\/posts\/51259\/revisions\/51266"}],"wp:featuredmedia":[{"embeddable":true,"href":"https:\/\/elterritorialweb.com.ar\/web\/wp-json\/wp\/v2\/media\/51263"}],"wp:attachment":[{"href":"https:\/\/elterritorialweb.com.ar\/web\/wp-json\/wp\/v2\/media?parent=51259"}],"wp:term":[{"taxonomy":"category","embeddable":true,"href":"https:\/\/elterritorialweb.com.ar\/web\/wp-json\/wp\/v2\/categories?post=51259"},{"taxonomy":"post_tag","embeddable":true,"href":"https:\/\/elterritorialweb.com.ar\/web\/wp-json\/wp\/v2\/tags?post=51259"}],"curies":[{"name":"wp","href":"https:\/\/api.w.org\/{rel}","templated":true}]}}