{"id":51267,"date":"2023-03-29T23:17:09","date_gmt":"2023-03-29T23:17:09","guid":{"rendered":"http:\/\/elterritorialweb.com.ar\/web\/?p=51267"},"modified":"2023-03-29T23:17:12","modified_gmt":"2023-03-29T23:17:12","slug":"alberto-fernandez-se-reunio-con-joe-biden-y-le-agradecio-el-apoyo-de-ee-uu-ante-el-fmi","status":"publish","type":"post","link":"https:\/\/elterritorialweb.com.ar\/web\/alberto-fernandez-se-reunio-con-joe-biden-y-le-agradecio-el-apoyo-de-ee-uu-ante-el-fmi\/","title":{"rendered":"ALBERTO FERN\u00c1NDEZ SE REUNI\u00d3 CON JOE BIDEN Y LE AGRADECI\u00d3 EL APOYO DE EE.UU ANTE EL FMI"},"content":{"rendered":"\n<p>El presidente\u00a0<strong>Alberto Fern\u00e1ndez<\/strong>\u00a0se reuni\u00f3 este martes con su par de estadounidense,\u00a0<strong>Joe Biden<\/strong>, en el Sal\u00f3n Oval de la Casa Blanca, en Washington DC, y le pidi\u00f3 que Estados Unidos siga apoyando a la Argentina ante el FMI.<\/p>\n\n\n\n<p>La agenda entre ambos mandatarios incluy\u00f3 adem\u00e1s temas como los efectos econ\u00f3micos negativos generados por la sequ\u00eda en el pa\u00eds, el cambio clim\u00e1tico, la guerra en Europa, el intercambio comercial entre ambos pa\u00edses y la deuda que tiene Argentina con el FMI.<\/p>\n\n\n\n<p>Tras la reuni\u00f3n privada, ambos mandatarios participaron de un encuentro p\u00fablico donde repasaron los principales temas que se trabajar\u00e1n en las pr\u00f3ximas reuniones.<\/p>\n\n\n\n<p>All\u00ed, Fern\u00e1ndez le pidi\u00f3 a Biden que Estados Unidos siga acompa\u00f1ando la posici\u00f3n Argentina ante los organismos internacionales en el marco de las negociaciones que su gobierno mantiene con el\u00a0<strong>FMI<\/strong>\u00a0por la deuda que tom\u00f3 el gobierno de\u00a0<strong>Mauricio Macri<\/strong>\u00a0en 2018.<\/p>\n\n\n\n<h3 class=\"wp-block-heading\">Deuda con el FMI<\/h3>\n\n\n\n<p>En el encuentro Alberto Fern\u00e1ndez agradeci\u00f3 el respaldo de Estados Unidos a la posici\u00f3n Argentina ante los organismos internacionales pero manifest\u00f3 su preocupaci\u00f3n ante la\u00a0crisis que est\u00e1 padeciendo el pa\u00eds con la sequ\u00eda.<\/p>\n\n\n\n<p>\u00abLa preocupaci\u00f3n por el cambio clim\u00e1tico es com\u00fan tambi\u00e9n. Argentina est\u00e1 padeciendo la peor sequ\u00eda desde el a\u00f1o 1929.&nbsp;<strong>Esto ha complicado mucho a nuestra econom\u00eda y esta nueva realidad se la estamos planteando a los organismos de cr\u00e9ditos\u00bb<\/strong>, se\u00f1al\u00f3 el mandatario argentino.<\/p>\n\n\n\n<p>Ante esa situaci\u00f3n, Fern\u00e1ndez le pidi\u00f3 a Biden que su gobierno siga acompa\u00f1ando a la Argentina. \u00abHemos podido hablar m\u00e1s de una vez sobre<strong>&nbsp;los problemas econ\u00f3micos que enfrenta Argentina y que hered\u00e9 como presidente.<\/strong>&nbsp;Quiero agradecerle porque su gobierno fue el que nos acompa\u00f1\u00f3 en los organismos internacionales. Le pido que lo sigan haciendo\u00bb.<\/p>\n\n\n\n<h3 class=\"wp-block-heading\">Guerra en Europa<\/h3>\n\n\n\n<p>Fern\u00e1ndez asegur\u00f3 que el gobierno argentino es consciente \u00abdel grave problema que ha creado la invasi\u00f3n rusa a Ucrania\u00bb y record\u00f3 que Argentina acompa\u00f1\u00f3 la decisi\u00f3n de Naciones Unidas de condenar la guerra.<\/p>\n\n\n\n<p><strong>\u00abLa guerra ha creado un da\u00f1o inconmensurable a la econom\u00eda mundial.&nbsp;<\/strong>Tenemos que trabajar mucho para que esa guerra termine, para deje de llevarse vidas humanas y que la econom\u00eda del mundo se recupere\u00bb, ponder\u00f3 el Presidente argentino.<\/p>\n\n\n\n<p>\u00abCuando la FAO anuncia que m\u00e1s de 300 millones de personas pueden pasar hambre me doy cuenta que la paz es urgente.&nbsp;<strong>Todo lo que podamos hacer para que la paz se consolide puede ser muy bueno.&nbsp;<\/strong>Nuestro gobierno y el de Biden creen que la democracia y el respeto a los derechos humanos son centrales para el desarrollo. En eso debemos seguir trabajando\u00bb, agreg\u00f3.<\/p>\n\n\n\n<h3 class=\"wp-block-heading\">Alimentos y energ\u00eda<\/h3>\n\n\n\n<p>En otro pasaje del encuentro, Fern\u00e1ndez destac\u00f3 que Argentina y Estados Unidos tiene una \u00abgran oportunidad\u00bb por delante. \u00abEl mundo demanda alimentos y energ\u00eda. Todos esos bienes los tenemos y los podemos producir en nuestros pa\u00edses\u00bb, indic\u00f3.<\/p>\n\n\n\n<p>\u00abEn mi discurso en la Cumbre de las Am\u00e9ricas expres\u00e9 mi voluntad de que toda Am\u00e9rica se una para que todos trabajemos en el desarrollo de alimentos para la humanidad. Todav\u00eda aspiro a que eso lo podamos hacer\u00bb, agreg\u00f3.<\/p>\n\n\n\n<h3 class=\"wp-block-heading\">Masacre en Nashville y el debate por la venta de armas<\/h3>\n\n\n\n<p>Fern\u00e1ndez tambi\u00e9n\u00a0lament\u00f3 la masacre de Nashville\u00a0y expres\u00f3 a Biden y al pueblo de los estados unidos su solidaridad. Luego respald\u00f3 la iniciativa de Biden para regular la venta de armas a Estados Unidos.<\/p>\n\n\n\n<p>\u00abEn mi pa\u00eds hay quienes proponen que la venta de armas se libere para defenderse. As\u00ed que yo valoro mucho su iniciativa y sepa que tiene en m\u00ed un aliado absoluto\u00bb,<\/p>\n\n\n\n<h3 class=\"wp-block-heading\">Reuni\u00f3n entre los integrantes del gabinete de Argentina y Estados Unidos<\/h3>\n\n\n\n<p>Luego,\u00a0<strong>los miembros del resto de la delegaci\u00f3n argentina mantendr\u00e1n reuniones con sus pares norteamericanos<\/strong>.\u00a0Participar\u00e1n el ministro de Econom\u00eda, Sergio Massa, y de Seguridad, An\u00edbal Fern\u00e1ndez.<\/p>\n\n\n\n<p>Tambi\u00e9n se sumar\u00e1n el canciller&nbsp;<strong>Santiago Cafiero<\/strong>; el secretario General de la Presidencia,<strong>&nbsp;Julio Vitobello<\/strong>; la portavoz de la Presidencia,&nbsp;<strong>Gabriela Cerruti<\/strong>; los jefes de Gabinete de Canciller\u00eda,<strong>&nbsp;Luciana Tito<\/strong>, y de Econom\u00eda,&nbsp;<strong>Leonardo Madcur<\/strong>, y el embajador argentino en Estados Unidos,<strong>&nbsp;Jorge Arg\u00fcello<\/strong>.<\/p>\n\n\n\n<p>La comitiva estadounidense estar\u00e1 compuesta por el secretario de Estado, Antony Blinken; la secretaria del Tesoro, Janet Yellen; el asesor de Seguridad Nacional, Jake Sullivan; el subsecretario de Estado para el Hemisferio Occidental, Brian Nichols; el asesor especial para Am\u00e9rica Latina, Juan Gonz\u00e1lez; el encargado de Argentina y Cono Sur, Lorenzo Harris; y el embajador de Estados Unidos en Argentina, Marc Stanley.<\/p>\n\n\n\n<p><strong>\u00abLa verdad es que son los funcionarios m\u00e1s importantes del Gobierno de Estados Unidos, as\u00ed que estamos muy conformes\u00bb<\/strong>, resaltaron en la delegaci\u00f3n argentina.<\/p>\n\n\n\n<p>Seg\u00fan se\u00f1alaron a&nbsp;<em>T\u00e9lam<\/em>&nbsp;desde la comitiva,&nbsp;<strong>el mandatario argentino plantear\u00e1 el tema de la sequ\u00eda en la Argentina como problema para el ingreso de d\u00f3lares al pa\u00eds&nbsp;<\/strong>por la ca\u00edda de las exportaciones en la pr\u00f3xima cosecha.<\/p>\n\n\n\n<p>Adem\u00e1s,&nbsp;<strong>Fern\u00e1ndez y Biden celebrar\u00e1n los \u00ab200 a\u00f1os de relaciones bilaterales\u00bb<\/strong>&nbsp;y \u00abreiterar\u00e1n la solidez de la asociaci\u00f3n entre Estados Unidos y Argentina\u00bb con una agenda que abordar\u00e1 c\u00f3mo \u00abcontinuar asoci\u00e1ndose para abordar los desaf\u00edos globales\u00bb, seg\u00fan anunci\u00f3 el domingo por la noche la Casa Blanca desde su sitio oficial.<\/p>\n\n\n\n<p>En el temario a tratar por los dos jefes de Estado aparecen<strong>&nbsp;los minerales cr\u00edticos, el cambio clim\u00e1tico, el espacio y la tecnolog\u00eda,<\/strong>&nbsp;<strong>la cooperaci\u00f3n econ\u00f3mica y los valores compartidos de inclusi\u00f3n, democracia y la protecci\u00f3n de los derechos humanos<\/strong>.<\/p>\n","protected":false},"excerpt":{"rendered":"<p>La agenda incluy\u00f3 temas como los efectos econ\u00f3micos negativos generados por la sequ\u00eda en el pa\u00eds, el cambio clim\u00e1tico, el intercambio comercial entre ambos pa\u00edses y la deuda que tiene Argentina con el FMI.<\/p>\n","protected":false},"author":2,"featured_media":51268,"comment_status":"open","ping_status":"open","sticky":false,"template":"","format":"standard","meta":{"om_disable_all_campaigns":false,"_monsterinsights_skip_tracking":false,"_monsterinsights_sitenote_active":false,"_monsterinsights_sitenote_note":"","_monsterinsights_sitenote_category":0,"_uf_show_specific_survey":0,"_uf_disable_surveys":false,"jetpack_post_was_ever_published":false,"_jetpack_newsletter_access":"","_jetpack_dont_email_post_to_subs":false,"_jetpack_newsletter_tier_id":0,"_jetpack_memberships_contains_paywalled_content":false,"_jetpack_memberships_contains_paid_content":false,"footnotes":"","jetpack_publicize_message":"","jetpack_publicize_feature_enabled":true,"jetpack_social_post_already_shared":true,"jetpack_social_options":{"image_generator_settings":{"template":"highway","default_image_id":0,"font":"","enabled":false},"version":2}},"categories":[4,18],"tags":[],"class_list":["post-51267","post","type-post","status-publish","format-standard","has-post-thumbnail","hentry","category-destacadas","category-politica"],"aioseo_notices":[],"views":10,"jetpack_publicize_connections":[],"jetpack_featured_media_url":"https:\/\/i0.wp.com\/elterritorialweb.com.ar\/web\/wp-content\/uploads\/2023\/03\/AFB3.jpg?fit=1940%2C1294&ssl=1","jetpack_sharing_enabled":true,"_links":{"self":[{"href":"https:\/\/elterritorialweb.com.ar\/web\/wp-json\/wp\/v2\/posts\/51267","targetHints":{"allow":["GET"]}}],"collection":[{"href":"https:\/\/elterritorialweb.com.ar\/web\/wp-json\/wp\/v2\/posts"}],"about":[{"href":"https:\/\/elterritorialweb.com.ar\/web\/wp-json\/wp\/v2\/types\/post"}],"author":[{"embeddable":true,"href":"https:\/\/elterritorialweb.com.ar\/web\/wp-json\/wp\/v2\/users\/2"}],"replies":[{"embeddable":true,"href":"https:\/\/elterritorialweb.com.ar\/web\/wp-json\/wp\/v2\/comments?post=51267"}],"version-history":[{"count":1,"href":"https:\/\/elterritorialweb.com.ar\/web\/wp-json\/wp\/v2\/posts\/51267\/revisions"}],"predecessor-version":[{"id":51269,"href":"https:\/\/elterritorialweb.com.ar\/web\/wp-json\/wp\/v2\/posts\/51267\/revisions\/51269"}],"wp:featuredmedia":[{"embeddable":true,"href":"https:\/\/elterritorialweb.com.ar\/web\/wp-json\/wp\/v2\/media\/51268"}],"wp:attachment":[{"href":"https:\/\/elterritorialweb.com.ar\/web\/wp-json\/wp\/v2\/media?parent=51267"}],"wp:term":[{"taxonomy":"category","embeddable":true,"href":"https:\/\/elterritorialweb.com.ar\/web\/wp-json\/wp\/v2\/categories?post=51267"},{"taxonomy":"post_tag","embeddable":true,"href":"https:\/\/elterritorialweb.com.ar\/web\/wp-json\/wp\/v2\/tags?post=51267"}],"curies":[{"name":"wp","href":"https:\/\/api.w.org\/{rel}","templated":true}]}}