{"id":51278,"date":"2023-03-30T02:22:12","date_gmt":"2023-03-30T02:22:12","guid":{"rendered":"http:\/\/elterritorialweb.com.ar\/web\/?p=51278"},"modified":"2023-03-30T02:22:16","modified_gmt":"2023-03-30T02:22:16","slug":"presentan-cartelera-de-actividades-culturales-religiosas-y-artisticas-para-semana-santa","status":"publish","type":"post","link":"https:\/\/elterritorialweb.com.ar\/web\/presentan-cartelera-de-actividades-culturales-religiosas-y-artisticas-para-semana-santa\/","title":{"rendered":"PRESENTAN CARTELERA DE ACTIVIDADES CULTURALES, RELIGIOSAS Y ART\u00cdSTICAS PARA SEMANA SANTA"},"content":{"rendered":"\n<p>En este sentido, el titular de la mencionada repartici\u00f3n, Rodolfo Legname, se\u00f1al\u00f3 que \u00aben sinton\u00eda con las pol\u00edticas de promoci\u00f3n del turismo de la intendente, Ing. Norma Fuentes, apostamos a seguir consolidando a la ciudad como un destino de inter\u00e9s religioso para visitantes de todos los puntos del pa\u00eds\u00bb<\/p>\n\n\n\n<p>\u00abAdem\u00e1s de fortalecer la religiosidad del pueblo santiague\u00f1o, queremos brindar a los vecinos y turistas una nutrida y variada agenda de actividades gratuitas de las que podr\u00e1n participar en primera persona\u00bb, agreg\u00f3.<\/p>\n\n\n\n<p>Por su parte, el director de Cultura, Francisco Avenda\u00f1o, adelant\u00f3 que, \u00abadem\u00e1s de las propuestas religiosas, a lo largo de toda la semana santa se realizar\u00e1n diversos espect\u00e1culos musicales con la presentaci\u00f3n de artistas de primer nivel\u00bb.<\/p>\n\n\n\n<p>\u00abDe esta manera, no solo buscamos poner en relieve el quehacer cultural de los artistas locales, sino tambi\u00e9n generar un polo de atracci\u00f3n tur\u00edstica para quienes nos visiten durante esa semana\u00bb, a\u00f1adi\u00f3.<\/p>\n\n\n\n<p>La presentaci\u00f3n de las propuestas fue acompa\u00f1ada con la presencia de representantes de asociaciones que participar\u00e1n en los eventos que se organizaron.<\/p>\n\n\n\n<p>El cronograma es el siguiente: domingo 2 de abril, a partir de las 11:00, se realizar\u00e1 la Bendici\u00f3n de Ramos y la procesi\u00f3n de El Salvador en la Explanada del Palacio Municipal.<\/p>\n\n\n\n<p>El <strong>martes 4<\/strong>, a partir de las 18:00, se llevar\u00e1 a cabo el V\u00eda Crucis de Violines de la Orden Franciscana, que partir\u00e1 desde el Convento de San Francisco para culminar en la Misa Crismal de la Catedral Bas\u00edlica.<\/p>\n\n\n\n<p>El <strong>mi\u00e9rcoles 5<\/strong>, a las 21:00, saldr\u00e1 desde el Convento de Santo Domingo la Procesi\u00f3n del Amo Jes\u00fas, con un encuentro de im\u00e1genes y cantos de vidalas. Ese mismo d\u00eda, a partir de las 21:00, se llevar\u00e1 a cabo un concierto del grupo Escalandrum, liderado por Pipi Piazzolla, en el Parque del Encuentro.<\/p>\n\n\n\n<p>El<strong> jueves 6<\/strong>, a partir de las 21:00, se realizar\u00e1 el Concierto de Dolores a cargo del Ensamble Santiago L\u00edrica, en el Parque del Encuentro.<\/p>\n\n\n\n<p>El <strong>viernes 7<\/strong>, a partir de las 8:00, se desarrollar\u00e1 el Via Crucis en Bicicleta con salida y llegada desde la Parroquia de Sumampa, con la participaci\u00f3n de m\u00e1s de 5,000 personas. M\u00e1s tarde, desde las 19:00, se realizar\u00e1 el Descendimiento de la cruz en la tradicional visita de iglesias y la Procesi\u00f3n del Santo Sepulcro en la iglesia Nuestra Se\u00f1ora de La Merced. Esa noche, adem\u00e1s, a partir de las 20:00, se realizar\u00e1 el concierto \u00abViernes de Tristezas &#8211; Vidalas &amp; Blues\u00bb, en el Parque del Encuentro.<\/p>\n\n\n\n<p>En tanto, el <strong>s\u00e1bado 8 <\/strong>a las 20 horas en el Parque del Encuentro, habr\u00e1 un Concierto Folcl\u00f3rico a cargo del D\u00fao Carabajal-C\u00e1ceres y la Orquesta T\u00edpica Santiague\u00f1a. Adem\u00e1s, el domingo 9, a esa misma hora y en ese mismo espacio, se presentar\u00e1n el grupo Tanta y el Ballet Folcl\u00f3rico Latinoamericano.<\/p>\n\n\n\n<p>Adem\u00e1s, entre los dias 6 y 9 de abril se llevar\u00e1n a cabo dos importantes eventos culturales en la ciudad capital. El primero de ellos ser\u00e1 el Encuentro Nacional de Grafiteros, que se desarrollar\u00e1 en los paredones del Hip\u00f3dromo Provincial, sobre la Costanera. Este evento reunir\u00e1 a artistas urbanos de todo el pais, quienes tendr\u00e1n la oportunidad de mostrar su talento y creatividad.<\/p>\n\n\n\n<p>Por otro lado, tambi\u00e9n se realizar\u00e1 en esas fechas, el Tercer Encuentro Nacional de Artesanos, en el Parque Oeste de la ciudad. Este evento reunir\u00e1 a artesanos y artesanas de diferentes regiones del pa\u00eds, quienes exhibir\u00e1n sus obras en una feria de artesan\u00edas. Los visitantes tendr\u00e1n la oportunidad de apreciar y adquirir objetos \u00fanicos y aut\u00e9nticos, elaborados a mano con t\u00e9cnicas tradicionales.<\/p>\n","protected":false},"excerpt":{"rendered":"<p>La Municipalidad de la Capital dio a conocer las actividades religiosas y art\u00edsticas para Semana Santa, organizadas por la Subsecretar\u00eda de Cultura y Turismo, que se llevar\u00e1n a cabo en la ciudad para celebrar las expresiones de fe de la comunidad y el arribo de visitantes.<\/p>\n","protected":false},"author":2,"featured_media":51279,"comment_status":"open","ping_status":"open","sticky":false,"template":"","format":"standard","meta":{"om_disable_all_campaigns":false,"_monsterinsights_skip_tracking":false,"_monsterinsights_sitenote_active":false,"_monsterinsights_sitenote_note":"","_monsterinsights_sitenote_category":0,"_uf_show_specific_survey":0,"_uf_disable_surveys":false,"jetpack_post_was_ever_published":false,"_jetpack_newsletter_access":"","_jetpack_dont_email_post_to_subs":false,"_jetpack_newsletter_tier_id":0,"_jetpack_memberships_contains_paywalled_content":false,"_jetpack_memberships_contains_paid_content":false,"footnotes":"","jetpack_publicize_message":"","jetpack_publicize_feature_enabled":true,"jetpack_social_post_already_shared":true,"jetpack_social_options":{"image_generator_settings":{"template":"highway","default_image_id":0,"font":"","enabled":false},"version":2}},"categories":[21],"tags":[],"class_list":["post-51278","post","type-post","status-publish","format-standard","has-post-thumbnail","hentry","category-locales"],"aioseo_notices":[],"views":22,"jetpack_publicize_connections":[],"jetpack_featured_media_url":"https:\/\/i0.wp.com\/elterritorialweb.com.ar\/web\/wp-content\/uploads\/2023\/03\/Propuestas-culturales-Semana-Santa.jpg?fit=1280%2C805&ssl=1","jetpack_sharing_enabled":true,"_links":{"self":[{"href":"https:\/\/elterritorialweb.com.ar\/web\/wp-json\/wp\/v2\/posts\/51278","targetHints":{"allow":["GET"]}}],"collection":[{"href":"https:\/\/elterritorialweb.com.ar\/web\/wp-json\/wp\/v2\/posts"}],"about":[{"href":"https:\/\/elterritorialweb.com.ar\/web\/wp-json\/wp\/v2\/types\/post"}],"author":[{"embeddable":true,"href":"https:\/\/elterritorialweb.com.ar\/web\/wp-json\/wp\/v2\/users\/2"}],"replies":[{"embeddable":true,"href":"https:\/\/elterritorialweb.com.ar\/web\/wp-json\/wp\/v2\/comments?post=51278"}],"version-history":[{"count":1,"href":"https:\/\/elterritorialweb.com.ar\/web\/wp-json\/wp\/v2\/posts\/51278\/revisions"}],"predecessor-version":[{"id":51280,"href":"https:\/\/elterritorialweb.com.ar\/web\/wp-json\/wp\/v2\/posts\/51278\/revisions\/51280"}],"wp:featuredmedia":[{"embeddable":true,"href":"https:\/\/elterritorialweb.com.ar\/web\/wp-json\/wp\/v2\/media\/51279"}],"wp:attachment":[{"href":"https:\/\/elterritorialweb.com.ar\/web\/wp-json\/wp\/v2\/media?parent=51278"}],"wp:term":[{"taxonomy":"category","embeddable":true,"href":"https:\/\/elterritorialweb.com.ar\/web\/wp-json\/wp\/v2\/categories?post=51278"},{"taxonomy":"post_tag","embeddable":true,"href":"https:\/\/elterritorialweb.com.ar\/web\/wp-json\/wp\/v2\/tags?post=51278"}],"curies":[{"name":"wp","href":"https:\/\/api.w.org\/{rel}","templated":true}]}}