{"id":51282,"date":"2023-03-30T03:38:14","date_gmt":"2023-03-30T03:38:14","guid":{"rendered":"http:\/\/elterritorialweb.com.ar\/web\/?p=51282"},"modified":"2023-03-30T03:38:18","modified_gmt":"2023-03-30T03:38:18","slug":"el-viernes-se-realizara-la-2da-jornada-regional-del-arsenico","status":"publish","type":"post","link":"https:\/\/elterritorialweb.com.ar\/web\/el-viernes-se-realizara-la-2da-jornada-regional-del-arsenico\/","title":{"rendered":"EL VIERNES SE REALIZAR\u00c1 LA \u201c2DA JORNADA REGIONAL DEL ARS\u00c9NICO\u201d"},"content":{"rendered":"\n<p>La Mesa est\u00e1 integrada por la Universidad Nacional de Santiago del Estero, el INTA, la Universidad Cat\u00f3lica, el ERSAC, los ministerios provinciales de Salud, Educaci\u00f3n y Obras y Servicios P\u00fablicos, la Secretar\u00eda de Ciencia y Tecnolog\u00eda y la Administraci\u00f3n Provincial de Recursos H\u00eddricos.<br>Esta Jornada, declarada de Inter\u00e9s provincial, legislativo, educativo y cultural por la C\u00e1mara de Diputados, se propone como un espacio para intercambiar conocimientos bajo el lema: \u201cAvances, desaf\u00edos y experiencias en el abordaje de la problem\u00e1tica del ars\u00e9nico\u201d, que afecta a una buena parte del territorio santiague\u00f1o.<br>En el transcurso de la ma\u00f1ana, se realizar\u00e1n los siguientes talleres simult\u00e1neos: \u201cAgua con ars\u00e9nico: una realidad que nos involucra\u201d, \u201cMetodolog\u00edas anal\u00edticas para la determinaci\u00f3n y especiaci\u00f3n de ars\u00e9nico en aguas\u201d, \u201cExperiencias y propuestas de remediaci\u00f3n del ars\u00e9nico en agua de consumo humano en la provincia de Santiago del Estero\u201d e \u201cHidroarsenicismo Cr\u00f3nico Regional End\u00e9mico, contexto socioecon\u00f3mico, cultural y ambiental que influyen en el hidroarsenicismo\u201d.<\/p>\n\n\n\n<figure class=\"wp-block-image size-full\"><a href=\"https:\/\/i0.wp.com\/elterritorialweb.com.ar\/web\/wp-content\/uploads\/2023\/03\/IMG-20230329-WA0040.jpg\"><img data-recalc-dims=\"1\" decoding=\"async\" width=\"640\" height=\"427\" data-src=\"https:\/\/i0.wp.com\/elterritorialweb.com.ar\/web\/wp-content\/uploads\/2023\/03\/IMG-20230329-WA0040.jpg?resize=640%2C427\" alt=\"\" class=\"wp-image-51283 lazyload\" data-srcset=\"https:\/\/i0.wp.com\/elterritorialweb.com.ar\/web\/wp-content\/uploads\/2023\/03\/IMG-20230329-WA0040.jpg?w=1024&amp;ssl=1 1024w, https:\/\/i0.wp.com\/elterritorialweb.com.ar\/web\/wp-content\/uploads\/2023\/03\/IMG-20230329-WA0040.jpg?resize=300%2C200&amp;ssl=1 300w, https:\/\/i0.wp.com\/elterritorialweb.com.ar\/web\/wp-content\/uploads\/2023\/03\/IMG-20230329-WA0040.jpg?resize=768%2C512&amp;ssl=1 768w\" data-sizes=\"(max-width: 640px) 100vw, 640px\" src=\"data:image\/svg+xml;base64,PHN2ZyB3aWR0aD0iMSIgaGVpZ2h0PSIxIiB4bWxucz0iaHR0cDovL3d3dy53My5vcmcvMjAwMC9zdmciPjwvc3ZnPg==\" style=\"--smush-placeholder-width: 640px; --smush-placeholder-aspect-ratio: 640\/427;\" \/><\/a><figcaption class=\"wp-element-caption\">Ingeniera Roc\u00edo Carreras y medicos Ariel Fornero y Mar\u00eda Taboada, integrantes de la Mesa del Ars\u00e9nico.<\/figcaption><\/figure>\n\n\n\n<p>Luego del receso, se llevar\u00e1n a cabo dos mesas panel: \u201cHidrogeoqu\u00edmica y presencia del ars\u00e9nico en la Regi\u00f3n\u201d, a cargo del doctor Carlos Shultz y el licenciado \u00c1ngel del Rosario Storniolo y \u201cAbordaje de la problem\u00e1tica del ars\u00e9nico desde las pol\u00edticas sanitarias\u201d , a cargo de la ministra de Salud Natividad Nassif.<br>La Jornada ser\u00e1 de car\u00e1cter libre y gratuito, dirigida a p\u00fablico interesado en conocer y profundizar sobre la tem\u00e1tica.<br>Para mayor informaci\u00f3n e inscripci\u00f3n: jornadaregionalarsenico@gmail.com, o ingresar al Facebook del Instituto de Estudios Ambientales y Desarrollo Rural de la Llanura Chaque\u00f1a de la UNSE: ieader.unse.edu.ar.<\/p>\n","protected":false},"excerpt":{"rendered":"<p>La Mesa Interinstitucional del Ars\u00e9nico (MIA), realizar\u00e1 este viernes de 8 a 17 horas,  la \u201c2da Jornada Regional de Ars\u00e9nico\u201d en el F\u00f3rum.<\/p>\n","protected":false},"author":2,"featured_media":51284,"comment_status":"open","ping_status":"open","sticky":false,"template":"","format":"standard","meta":{"om_disable_all_campaigns":false,"_monsterinsights_skip_tracking":false,"_monsterinsights_sitenote_active":false,"_monsterinsights_sitenote_note":"","_monsterinsights_sitenote_category":0,"_uf_show_specific_survey":0,"_uf_disable_surveys":false,"jetpack_post_was_ever_published":false,"_jetpack_newsletter_access":"","_jetpack_dont_email_post_to_subs":false,"_jetpack_newsletter_tier_id":0,"_jetpack_memberships_contains_paywalled_content":false,"_jetpack_memberships_contains_paid_content":false,"footnotes":"","jetpack_publicize_message":"","jetpack_publicize_feature_enabled":true,"jetpack_social_post_already_shared":true,"jetpack_social_options":{"image_generator_settings":{"template":"highway","default_image_id":0,"font":"","enabled":false},"version":2}},"categories":[19],"tags":[],"class_list":["post-51282","post","type-post","status-publish","format-standard","has-post-thumbnail","hentry","category-educacion"],"aioseo_notices":[],"views":27,"jetpack_publicize_connections":[],"jetpack_featured_media_url":"https:\/\/i0.wp.com\/elterritorialweb.com.ar\/web\/wp-content\/uploads\/2023\/03\/IMG-20230329-WA0041.jpg?fit=1024%2C589&ssl=1","jetpack_sharing_enabled":true,"_links":{"self":[{"href":"https:\/\/elterritorialweb.com.ar\/web\/wp-json\/wp\/v2\/posts\/51282","targetHints":{"allow":["GET"]}}],"collection":[{"href":"https:\/\/elterritorialweb.com.ar\/web\/wp-json\/wp\/v2\/posts"}],"about":[{"href":"https:\/\/elterritorialweb.com.ar\/web\/wp-json\/wp\/v2\/types\/post"}],"author":[{"embeddable":true,"href":"https:\/\/elterritorialweb.com.ar\/web\/wp-json\/wp\/v2\/users\/2"}],"replies":[{"embeddable":true,"href":"https:\/\/elterritorialweb.com.ar\/web\/wp-json\/wp\/v2\/comments?post=51282"}],"version-history":[{"count":1,"href":"https:\/\/elterritorialweb.com.ar\/web\/wp-json\/wp\/v2\/posts\/51282\/revisions"}],"predecessor-version":[{"id":51285,"href":"https:\/\/elterritorialweb.com.ar\/web\/wp-json\/wp\/v2\/posts\/51282\/revisions\/51285"}],"wp:featuredmedia":[{"embeddable":true,"href":"https:\/\/elterritorialweb.com.ar\/web\/wp-json\/wp\/v2\/media\/51284"}],"wp:attachment":[{"href":"https:\/\/elterritorialweb.com.ar\/web\/wp-json\/wp\/v2\/media?parent=51282"}],"wp:term":[{"taxonomy":"category","embeddable":true,"href":"https:\/\/elterritorialweb.com.ar\/web\/wp-json\/wp\/v2\/categories?post=51282"},{"taxonomy":"post_tag","embeddable":true,"href":"https:\/\/elterritorialweb.com.ar\/web\/wp-json\/wp\/v2\/tags?post=51282"}],"curies":[{"name":"wp","href":"https:\/\/api.w.org\/{rel}","templated":true}]}}