{"id":51298,"date":"2023-03-30T18:18:00","date_gmt":"2023-03-30T18:18:00","guid":{"rendered":"http:\/\/elterritorialweb.com.ar\/web\/?p=51298"},"modified":"2023-03-30T18:18:03","modified_gmt":"2023-03-30T18:18:03","slug":"nediani-firmo-convenio-con-el-banco-de-alimentos-en-beneficio-de-lo-bandenos","status":"publish","type":"post","link":"https:\/\/elterritorialweb.com.ar\/web\/nediani-firmo-convenio-con-el-banco-de-alimentos-en-beneficio-de-lo-bandenos\/","title":{"rendered":"NEDIANI FIRM\u00d3 CONVENIO CON EL BANCO DE ALIMENTOS EN BENEFICIO DE LO BANDE\u00d1OS"},"content":{"rendered":"\n<p>En la ma\u00f1ana del jueves, el jefe comunal recibi\u00f3 al presidente de dicha instituci\u00f3n, Carlos Olivera con quien efectu\u00f3 la firma del acuerdo, tras mantener una reuni\u00f3n en inmediaciones del Palacio Municipal.<br>Ambas entidades, han cooperado mutuamente a los fines de fortalecer su ayuda a los que m\u00e1s necesitan, logrando de manera sobresaliente la provisi\u00f3n de frutas, verduras y v\u00edveres secos por parte de BASE (Banco de Alimentos de Santiago del Estero) y un grupo de voluntarios para ayudar a la recuperaci\u00f3n de alimentos mencionados por parte de la Municipalidad de La Banda.<br>El mandatario, expres\u00f3 al respecto: \u201cEstamos muy agradecidos porque a trav\u00e9s de este convenio, nuestros comedores podr\u00e1n recibir los alimentos, frutas y verduras; seguiremos fortaleciendo el v\u00ednculo entre el Banco de Alimentos y el municipio con diferentes proyectos que incluyan a Potenciar Trabajo, a los planes municipales, quienes adem\u00e1s de tener la posibilidad de trabajar, tendr\u00e1n la posibilidad de capacitarse\u201d.<br>Por su parte, Olivera coment\u00f3: \u201cEsto es una muestra de confianza que tiene el intendente y el municipio en el Banco de Alimentos, conf\u00edan en el trabajo de recupero de frutas y verduras, en la recuperaci\u00f3n de v\u00edveres secos, en la huerta org\u00e1nica que con ayuda de la comuna llevamos adelante; conf\u00edan en la capacitaci\u00f3n de voluntarios, en la distribuci\u00f3n de alimentos en las distintas entidades en la provincia y conf\u00edan tambi\u00e9n que en estos tiempos dif\u00edciles podamos seguir trabajando en forma conjunta\u201d.<\/p>\n","protected":false},"excerpt":{"rendered":"<p>El intendente de la ciudad de La Banda, Roger Nediani recibi\u00f3 autoridades del Banco Provincial de Alimentos, con quienes realizaron una firma de convenio que beneficia a los bande\u00f1os y reafirma los lazos entre ambas entidades.<\/p>\n","protected":false},"author":2,"featured_media":51299,"comment_status":"open","ping_status":"open","sticky":false,"template":"","format":"standard","meta":{"om_disable_all_campaigns":false,"_monsterinsights_skip_tracking":false,"_monsterinsights_sitenote_active":false,"_monsterinsights_sitenote_note":"","_monsterinsights_sitenote_category":0,"_uf_show_specific_survey":0,"_uf_disable_surveys":false,"jetpack_post_was_ever_published":false,"_jetpack_newsletter_access":"","_jetpack_dont_email_post_to_subs":false,"_jetpack_newsletter_tier_id":0,"_jetpack_memberships_contains_paywalled_content":false,"_jetpack_memberships_contains_paid_content":false,"footnotes":"","jetpack_publicize_message":"","jetpack_publicize_feature_enabled":true,"jetpack_social_post_already_shared":true,"jetpack_social_options":{"image_generator_settings":{"template":"highway","default_image_id":0,"font":"","enabled":false},"version":2}},"categories":[9],"tags":[],"class_list":["post-51298","post","type-post","status-publish","format-standard","has-post-thumbnail","hentry","category-banda"],"aioseo_notices":[],"views":13,"jetpack_publicize_connections":[],"jetpack_featured_media_url":"https:\/\/i0.wp.com\/elterritorialweb.com.ar\/web\/wp-content\/uploads\/2023\/03\/WhatsApp-Image-2023-03-30-at-13.20.54.jpeg?fit=1380%2C912&ssl=1","jetpack_sharing_enabled":true,"_links":{"self":[{"href":"https:\/\/elterritorialweb.com.ar\/web\/wp-json\/wp\/v2\/posts\/51298","targetHints":{"allow":["GET"]}}],"collection":[{"href":"https:\/\/elterritorialweb.com.ar\/web\/wp-json\/wp\/v2\/posts"}],"about":[{"href":"https:\/\/elterritorialweb.com.ar\/web\/wp-json\/wp\/v2\/types\/post"}],"author":[{"embeddable":true,"href":"https:\/\/elterritorialweb.com.ar\/web\/wp-json\/wp\/v2\/users\/2"}],"replies":[{"embeddable":true,"href":"https:\/\/elterritorialweb.com.ar\/web\/wp-json\/wp\/v2\/comments?post=51298"}],"version-history":[{"count":1,"href":"https:\/\/elterritorialweb.com.ar\/web\/wp-json\/wp\/v2\/posts\/51298\/revisions"}],"predecessor-version":[{"id":51300,"href":"https:\/\/elterritorialweb.com.ar\/web\/wp-json\/wp\/v2\/posts\/51298\/revisions\/51300"}],"wp:featuredmedia":[{"embeddable":true,"href":"https:\/\/elterritorialweb.com.ar\/web\/wp-json\/wp\/v2\/media\/51299"}],"wp:attachment":[{"href":"https:\/\/elterritorialweb.com.ar\/web\/wp-json\/wp\/v2\/media?parent=51298"}],"wp:term":[{"taxonomy":"category","embeddable":true,"href":"https:\/\/elterritorialweb.com.ar\/web\/wp-json\/wp\/v2\/categories?post=51298"},{"taxonomy":"post_tag","embeddable":true,"href":"https:\/\/elterritorialweb.com.ar\/web\/wp-json\/wp\/v2\/tags?post=51298"}],"curies":[{"name":"wp","href":"https:\/\/api.w.org\/{rel}","templated":true}]}}