{"id":51301,"date":"2023-03-30T18:59:31","date_gmt":"2023-03-30T18:59:31","guid":{"rendered":"http:\/\/elterritorialweb.com.ar\/web\/?p=51301"},"modified":"2023-03-30T21:37:43","modified_gmt":"2023-03-30T21:37:43","slug":"en-argentina-se-jugaria-el-mundial-sub-20-con-santiago-del-estero-como-una-de-las-sedes","status":"publish","type":"post","link":"https:\/\/elterritorialweb.com.ar\/web\/en-argentina-se-jugaria-el-mundial-sub-20-con-santiago-del-estero-como-una-de-las-sedes\/","title":{"rendered":"ARGENTINA SER\u00cdA SEDE DEL MUNDIAL DE F\u00daTBOL SUB 20"},"content":{"rendered":"\n<p><strong>Argentina&nbsp;<\/strong>se perfila para ser la nueva sede del Mundial Sub 20 que comenzar\u00e1 a fines de mayo luego de la baja de Indonesia, seg\u00fan adelant\u00f3 hoy el presidente de la<strong>&nbsp;FIFA, Gianni Infantino.<\/strong><\/p>\n\n\n\n<p>En una conferencia de prensa que brind\u00f3 este mediod\u00eda en la sede de la Conmebol junto con el dirigente paraguayo&nbsp;<strong>Alejandro Dom\u00ednguez, Infantino&nbsp;<\/strong>confirm\u00f3 que la AFA present\u00f3 \u00abtodas las garant\u00edas\u00bb para organizar el torneo juvenil.<\/p>\n\n\n\n<p>A su vez, el titular de la FIFA agreg\u00f3 que \u00abhay otros pa\u00edses\u00bb interesados pero destac\u00f3 la \u00abrapidez\u00bb de la gesti\u00f3n de Claudio Tapia y el gobierno argentino, a trav\u00e9s del Ministerio de Turismo.<\/p>\n\n\n\n<p>La decisi\u00f3n -explic\u00f3- ser\u00e1 anunciada en \u00abdos o tres d\u00edas\u00bb, ya que primero deber\u00e1 pasar por el Consejo de la FIFA.<\/p>\n\n\n\n<p>El Bureau de la m\u00e1xima entidad del f\u00fatbol mundial est\u00e1 integrado por 37 miembros: un presidente, elegido por el Congreso de la FIFA; ocho vicepresidentes; y otros 28 miembros elegidos por las federaciones miembro.<\/p>\n\n\n\n<p>\u00abComo miembro del Bureau, Argentina ya tiene mi voto\u00bb, asegur\u00f3 Dom\u00ednguez, titular de la Conmebol, en la rueda de prensa realizada en la ciudad paraguaya de Luque.<\/p>\n\n\n\n<p>La FIFA retir\u00f3 a Indonesia como sede del pr\u00f3ximo Mundial Sub 20, que tiene como fecha de inicio el 20 de mayo, debido a que un gobernador de ese pa\u00eds asi\u00e1tico se neg\u00f3 a la participaci\u00f3n de Israel en el torneo juvenil.<\/p>\n\n\n\n<p>El torneo que tendr\u00e1 la participaci\u00f3n de 24 equipos se jugar\u00e1 en 5 sedes. Una de ellas ser\u00eda el&nbsp;<strong>Estadio \u00danico \u201cMadre de Ciudades\u201d de Santiago del Estero<\/strong><\/p>\n\n\n\n<h3 class=\"wp-block-heading\">Los estadios que podr\u00edan ser sede del Mundial Sub 20<\/h3>\n\n\n\n<p>Por reglamentaci\u00f3n de la FIFA y para garantizar el buen estado de los campos de juego, no se pueden utilizar como sedes del torneo estadios que sean usados al mismo tiempo para jugar ligas locales.<\/p>\n\n\n\n<p>Por ese motivo las opciones se reducen, pero hay los que pican en punta son:<\/p>\n\n\n\n<ul class=\"wp-block-list\">\n<li>Estadio Ciudad de La Plata<\/li>\n\n\n\n<li>Estadio Bicentanario San Juan<\/li>\n\n\n\n<li>Estadio La Pedrera de San Luis<\/li>\n\n\n\n<li>Estadio Madre de Ciudades de Santiago del Estero<\/li>\n\n\n\n<li>Estadio Malvinas Argentinas de Mendoza -si Godoy Cruz hace de local en el suyo-.<\/li>\n<\/ul>\n\n\n\n<p>NO TE PIERDAS NADA<\/p>\n","protected":false},"excerpt":{"rendered":"<p>El presidente de la FIFA, Gianni Infantino, lleg\u00f3 hoy a Paraguay para participar del Congreso de la Conmebol y se especula con una posible definici\u00f3n a favor de la Argentina para la organizaci\u00f3n del torneo.<\/p>\n","protected":false},"author":2,"featured_media":31233,"comment_status":"open","ping_status":"open","sticky":false,"template":"","format":"standard","meta":{"om_disable_all_campaigns":false,"_monsterinsights_skip_tracking":false,"_monsterinsights_sitenote_active":false,"_monsterinsights_sitenote_note":"","_monsterinsights_sitenote_category":0,"_uf_show_specific_survey":0,"_uf_disable_surveys":false,"jetpack_post_was_ever_published":false,"_jetpack_newsletter_access":"","_jetpack_dont_email_post_to_subs":false,"_jetpack_newsletter_tier_id":0,"_jetpack_memberships_contains_paywalled_content":false,"_jetpack_memberships_contains_paid_content":false,"footnotes":"","jetpack_publicize_message":"","jetpack_publicize_feature_enabled":true,"jetpack_social_post_already_shared":true,"jetpack_social_options":{"image_generator_settings":{"template":"highway","default_image_id":0,"font":"","enabled":false},"version":2}},"categories":[6,4],"tags":[],"class_list":["post-51301","post","type-post","status-publish","format-standard","has-post-thumbnail","hentry","category-deportes","category-destacadas"],"aioseo_notices":[],"views":12,"jetpack_publicize_connections":[],"jetpack_featured_media_url":"https:\/\/i0.wp.com\/elterritorialweb.com.ar\/web\/wp-content\/uploads\/2021\/12\/ESTADIO-UNICO-1.jpg?fit=1600%2C900&ssl=1","jetpack_sharing_enabled":true,"_links":{"self":[{"href":"https:\/\/elterritorialweb.com.ar\/web\/wp-json\/wp\/v2\/posts\/51301","targetHints":{"allow":["GET"]}}],"collection":[{"href":"https:\/\/elterritorialweb.com.ar\/web\/wp-json\/wp\/v2\/posts"}],"about":[{"href":"https:\/\/elterritorialweb.com.ar\/web\/wp-json\/wp\/v2\/types\/post"}],"author":[{"embeddable":true,"href":"https:\/\/elterritorialweb.com.ar\/web\/wp-json\/wp\/v2\/users\/2"}],"replies":[{"embeddable":true,"href":"https:\/\/elterritorialweb.com.ar\/web\/wp-json\/wp\/v2\/comments?post=51301"}],"version-history":[{"count":2,"href":"https:\/\/elterritorialweb.com.ar\/web\/wp-json\/wp\/v2\/posts\/51301\/revisions"}],"predecessor-version":[{"id":51314,"href":"https:\/\/elterritorialweb.com.ar\/web\/wp-json\/wp\/v2\/posts\/51301\/revisions\/51314"}],"wp:featuredmedia":[{"embeddable":true,"href":"https:\/\/elterritorialweb.com.ar\/web\/wp-json\/wp\/v2\/media\/31233"}],"wp:attachment":[{"href":"https:\/\/elterritorialweb.com.ar\/web\/wp-json\/wp\/v2\/media?parent=51301"}],"wp:term":[{"taxonomy":"category","embeddable":true,"href":"https:\/\/elterritorialweb.com.ar\/web\/wp-json\/wp\/v2\/categories?post=51301"},{"taxonomy":"post_tag","embeddable":true,"href":"https:\/\/elterritorialweb.com.ar\/web\/wp-json\/wp\/v2\/tags?post=51301"}],"curies":[{"name":"wp","href":"https:\/\/api.w.org\/{rel}","templated":true}]}}