{"id":51303,"date":"2023-03-30T19:14:57","date_gmt":"2023-03-30T19:14:57","guid":{"rendered":"http:\/\/elterritorialweb.com.ar\/web\/?p=51303"},"modified":"2023-03-30T19:15:01","modified_gmt":"2023-03-30T19:15:01","slug":"el-gobernador-recibio-a-alumnos-de-la-localidad-de-sachayoj","status":"publish","type":"post","link":"https:\/\/elterritorialweb.com.ar\/web\/el-gobernador-recibio-a-alumnos-de-la-localidad-de-sachayoj\/","title":{"rendered":"EL GOBERNADOR RECIBI\u00d3 A ALUMNOS DE LA LOCALIDAD DE SACHAYOJ"},"content":{"rendered":"\n<p>El encuentro de desarroll\u00f3 en el Sal\u00f3n de Acuerdos \u201cJuan Felipe Ibarra\u201d de Casa de Gobierno, en el marco del programa \u201cConociendo mi Provincia\u201d, que lleva 11 a\u00f1os de implementaci\u00f3n y que permite a alumnos de todo el interior santiague\u00f1o visitar lugares emblem\u00e1ticos de la ciudad Capital, Las Termas de R\u00edo Hondo y Villa la Punta.<br>En esta oportunidad, el titular del programa, Silvio Villalba, acompa\u00f1\u00f3 a los 47 alumnos, docentes y directivos de la instituci\u00f3n durante la visita a sede gubernamental y el resto del recorrido.<br>Tras la bienvenida, el mandatario provincial agradeci\u00f3 a los docentes por acompa\u00f1ar a los j\u00f3venes en esta experiencia y por todo el esfuerzo que hacen para su educaci\u00f3n. \u201cLa idea es que en esta etapa muy importante de la vida, donde ya est\u00e1n culminando sus estudios y prepar\u00e1ndose para el futuro, este programa genere la posibilidad de que todos los j\u00f3venes del interior puedan conocer en profundidad estos lugares que son de todos nosotros\u201d, agreg\u00f3.<br>Tambi\u00e9n recalc\u00f3 \u201cque tiene que haber igualdad en la educaci\u00f3n, junto con la vocaci\u00f3n de todos los docentes; que todas las escuelas tengan mejores condiciones y que todos los alumnos puedan acceder a todas las herramientas del conocimiento\u201d.<br>A su turno, el rector del Colegio Secundario de Sachayoj, Jos\u00e9 Alberto Llanos, manifest\u00f3 al gobernador: \u201cViendo durante todo el recorrido que hicimos durante esta ma\u00f1ana me da la certeza de que usted ha escrito una gran historia para la provincia\u201d.<\/p>\n","protected":false},"excerpt":{"rendered":"<p>El gobernador Gerardo Zamora recibi\u00f3 este jueves al mediod\u00eda la visita de una delegaci\u00f3n del Colegio Secundario de la localidad de Sachayoj, departamento Alberdi.<\/p>\n","protected":false},"author":2,"featured_media":51304,"comment_status":"open","ping_status":"open","sticky":false,"template":"","format":"standard","meta":{"om_disable_all_campaigns":false,"_monsterinsights_skip_tracking":false,"_monsterinsights_sitenote_active":false,"_monsterinsights_sitenote_note":"","_monsterinsights_sitenote_category":0,"_uf_show_specific_survey":0,"_uf_disable_surveys":false,"jetpack_post_was_ever_published":false,"_jetpack_newsletter_access":"","_jetpack_dont_email_post_to_subs":false,"_jetpack_newsletter_tier_id":0,"_jetpack_memberships_contains_paywalled_content":false,"_jetpack_memberships_contains_paid_content":false,"footnotes":"","jetpack_publicize_message":"","jetpack_publicize_feature_enabled":true,"jetpack_social_post_already_shared":true,"jetpack_social_options":{"image_generator_settings":{"template":"highway","default_image_id":0,"font":"","enabled":false},"version":2}},"categories":[21],"tags":[],"class_list":["post-51303","post","type-post","status-publish","format-standard","has-post-thumbnail","hentry","category-locales"],"aioseo_notices":[],"views":12,"jetpack_publicize_connections":[],"jetpack_featured_media_url":"https:\/\/i0.wp.com\/elterritorialweb.com.ar\/web\/wp-content\/uploads\/2023\/03\/WhatsApp-Image-2023-03-30-at-15.20.26.jpeg?fit=1600%2C1066&ssl=1","jetpack_sharing_enabled":true,"_links":{"self":[{"href":"https:\/\/elterritorialweb.com.ar\/web\/wp-json\/wp\/v2\/posts\/51303","targetHints":{"allow":["GET"]}}],"collection":[{"href":"https:\/\/elterritorialweb.com.ar\/web\/wp-json\/wp\/v2\/posts"}],"about":[{"href":"https:\/\/elterritorialweb.com.ar\/web\/wp-json\/wp\/v2\/types\/post"}],"author":[{"embeddable":true,"href":"https:\/\/elterritorialweb.com.ar\/web\/wp-json\/wp\/v2\/users\/2"}],"replies":[{"embeddable":true,"href":"https:\/\/elterritorialweb.com.ar\/web\/wp-json\/wp\/v2\/comments?post=51303"}],"version-history":[{"count":1,"href":"https:\/\/elterritorialweb.com.ar\/web\/wp-json\/wp\/v2\/posts\/51303\/revisions"}],"predecessor-version":[{"id":51305,"href":"https:\/\/elterritorialweb.com.ar\/web\/wp-json\/wp\/v2\/posts\/51303\/revisions\/51305"}],"wp:featuredmedia":[{"embeddable":true,"href":"https:\/\/elterritorialweb.com.ar\/web\/wp-json\/wp\/v2\/media\/51304"}],"wp:attachment":[{"href":"https:\/\/elterritorialweb.com.ar\/web\/wp-json\/wp\/v2\/media?parent=51303"}],"wp:term":[{"taxonomy":"category","embeddable":true,"href":"https:\/\/elterritorialweb.com.ar\/web\/wp-json\/wp\/v2\/categories?post=51303"},{"taxonomy":"post_tag","embeddable":true,"href":"https:\/\/elterritorialweb.com.ar\/web\/wp-json\/wp\/v2\/tags?post=51303"}],"curies":[{"name":"wp","href":"https:\/\/api.w.org\/{rel}","templated":true}]}}